{"id":949,"date":"2017-03-23T14:33:18","date_gmt":"2017-03-23T13:33:18","guid":{"rendered":"http:\/\/dom-orehovica.hr\/web\/?p=949"},"modified":"2018-03-28T06:49:59","modified_gmt":"2018-03-28T04:49:59","slug":"sadnja-lavande","status":"publish","type":"post","link":"https:\/\/dom-orehovica.hr\/?p=949","title":{"rendered":"Sadnja lavande"},"content":{"rendered":"<p style=\"text-align: justify;\">Dana 23. o\u017eujka 2017. godine, zapo\u010dela je radom vrtlarska grupa korisnika Doma za odrasle osobe u Orehovici. Prolje\u0107e je zapo\u010delo sadnjom lavande.<\/p>\n<!-- default-view.php -->\n<div\n\tclass=\"ngg-galleryoverview default-view \n\t ngg-ajax-pagination-none\t\"\n\tid=\"ngg-gallery-3782618af79a8f4b93715744c5e5a7f6-1\">\n\n\t\t<!-- Thumbnails -->\n\t\t\t\t<div id=\"ngg-image-0\" class=\"ngg-gallery-thumbnail-box \n\t\t\t\t\t\t\t\t\t\t\t\" \n\t\t\t>\n\t\t\t\t\t\t<div class=\"ngg-gallery-thumbnail\">\n\t\t\t<a href=\"https:\/\/dom-orehovica.hr\/wp-content\/gallery\/sadnja-lavande\/028.jpg\"\n\t\t\t\ttitle=\"\"\n\t\t\t\tdata-src=\"https:\/\/dom-orehovica.hr\/wp-content\/gallery\/sadnja-lavande\/028.jpg\"\n\t\t\t\tdata-thumbnail=\"https:\/\/dom-orehovica.hr\/wp-content\/gallery\/sadnja-lavande\/thumbs\/thumbs_028.jpg\"\n\t\t\t\tdata-image-id=\"126\"\n\t\t\t\tdata-title=\"028\"\n\t\t\t\tdata-description=\"\"\n\t\t\t\tdata-image-slug=\"028\"\n\t\t\t\tclass=\"ngg-fancybox\" rel=\"3782618af79a8f4b93715744c5e5a7f6\">\n\t\t\t\t<img\n\t\t\t\t\ttitle=\"028\"\n\t\t\t\t\talt=\"028\"\n\t\t\t\t\tsrc=\"https:\/\/dom-orehovica.hr\/wp-content\/gallery\/sadnja-lavande\/thumbs\/thumbs_028.jpg\"\n\t\t\t\t\twidth=\"240\"\n\t\t\t\t\theight=\"160\"\n\t\t\t\t\tstyle=\"max-width:100%;\"\n\t\t\t\t\/>\n\t\t\t<\/a>\n\t\t<\/div>\n\t\t\t\t\t\t\t<\/div> \n\t\t\t\n\t\t\t\t<div id=\"ngg-image-1\" class=\"ngg-gallery-thumbnail-box \n\t\t\t\t\t\t\t\t\t\t\t\" \n\t\t\t>\n\t\t\t\t\t\t<div class=\"ngg-gallery-thumbnail\">\n\t\t\t<a href=\"https:\/\/dom-orehovica.hr\/wp-content\/gallery\/sadnja-lavande\/034.jpg\"\n\t\t\t\ttitle=\"\"\n\t\t\t\tdata-src=\"https:\/\/dom-orehovica.hr\/wp-content\/gallery\/sadnja-lavande\/034.jpg\"\n\t\t\t\tdata-thumbnail=\"https:\/\/dom-orehovica.hr\/wp-content\/gallery\/sadnja-lavande\/thumbs\/thumbs_034.jpg\"\n\t\t\t\tdata-image-id=\"127\"\n\t\t\t\tdata-title=\"034\"\n\t\t\t\tdata-description=\"\"\n\t\t\t\tdata-image-slug=\"034\"\n\t\t\t\tclass=\"ngg-fancybox\" rel=\"3782618af79a8f4b93715744c5e5a7f6\">\n\t\t\t\t<img\n\t\t\t\t\ttitle=\"034\"\n\t\t\t\t\talt=\"034\"\n\t\t\t\t\tsrc=\"https:\/\/dom-orehovica.hr\/wp-content\/gallery\/sadnja-lavande\/thumbs\/thumbs_034.jpg\"\n\t\t\t\t\twidth=\"240\"\n\t\t\t\t\theight=\"160\"\n\t\t\t\t\tstyle=\"max-width:100%;\"\n\t\t\t\t\/>\n\t\t\t<\/a>\n\t\t<\/div>\n\t\t\t\t\t\t\t<\/div> \n\t\t\t\n\t\t\t\t<div id=\"ngg-image-2\" class=\"ngg-gallery-thumbnail-box \n\t\t\t\t\t\t\t\t\t\t\t\" \n\t\t\t>\n\t\t\t\t\t\t<div class=\"ngg-gallery-thumbnail\">\n\t\t\t<a href=\"https:\/\/dom-orehovica.hr\/wp-content\/gallery\/sadnja-lavande\/2017-03-23-13-29-00.jpg\"\n\t\t\t\ttitle=\"\"\n\t\t\t\tdata-src=\"https:\/\/dom-orehovica.hr\/wp-content\/gallery\/sadnja-lavande\/2017-03-23-13-29-00.jpg\"\n\t\t\t\tdata-thumbnail=\"https:\/\/dom-orehovica.hr\/wp-content\/gallery\/sadnja-lavande\/thumbs\/thumbs_2017-03-23-13-29-00.jpg\"\n\t\t\t\tdata-image-id=\"128\"\n\t\t\t\tdata-title=\"2017-03-23-13-29-00\"\n\t\t\t\tdata-description=\"\"\n\t\t\t\tdata-image-slug=\"2017-03-23-13-29-00\"\n\t\t\t\tclass=\"ngg-fancybox\" rel=\"3782618af79a8f4b93715744c5e5a7f6\">\n\t\t\t\t<img\n\t\t\t\t\ttitle=\"2017-03-23-13-29-00\"\n\t\t\t\t\talt=\"2017-03-23-13-29-00\"\n\t\t\t\t\tsrc=\"https:\/\/dom-orehovica.hr\/wp-content\/gallery\/sadnja-lavande\/thumbs\/thumbs_2017-03-23-13-29-00.jpg\"\n\t\t\t\t\twidth=\"240\"\n\t\t\t\t\theight=\"160\"\n\t\t\t\t\tstyle=\"max-width:100%;\"\n\t\t\t\t\/>\n\t\t\t<\/a>\n\t\t<\/div>\n\t\t\t\t\t\t\t<\/div> \n\t\t\t\n\t\t\t\t<div id=\"ngg-image-3\" class=\"ngg-gallery-thumbnail-box \n\t\t\t\t\t\t\t\t\t\t\t\" \n\t\t\t>\n\t\t\t\t\t\t<div class=\"ngg-gallery-thumbnail\">\n\t\t\t<a href=\"https:\/\/dom-orehovica.hr\/wp-content\/gallery\/sadnja-lavande\/2017-03-23-13-29-02.jpg\"\n\t\t\t\ttitle=\"\"\n\t\t\t\tdata-src=\"https:\/\/dom-orehovica.hr\/wp-content\/gallery\/sadnja-lavande\/2017-03-23-13-29-02.jpg\"\n\t\t\t\tdata-thumbnail=\"https:\/\/dom-orehovica.hr\/wp-content\/gallery\/sadnja-lavande\/thumbs\/thumbs_2017-03-23-13-29-02.jpg\"\n\t\t\t\tdata-image-id=\"129\"\n\t\t\t\tdata-title=\"2017-03-23-13-29-02\"\n\t\t\t\tdata-description=\"\"\n\t\t\t\tdata-image-slug=\"2017-03-23-13-29-02\"\n\t\t\t\tclass=\"ngg-fancybox\" rel=\"3782618af79a8f4b93715744c5e5a7f6\">\n\t\t\t\t<img\n\t\t\t\t\ttitle=\"2017-03-23-13-29-02\"\n\t\t\t\t\talt=\"2017-03-23-13-29-02\"\n\t\t\t\t\tsrc=\"https:\/\/dom-orehovica.hr\/wp-content\/gallery\/sadnja-lavande\/thumbs\/thumbs_2017-03-23-13-29-02.jpg\"\n\t\t\t\t\twidth=\"240\"\n\t\t\t\t\theight=\"160\"\n\t\t\t\t\tstyle=\"max-width:100%;\"\n\t\t\t\t\/>\n\t\t\t<\/a>\n\t\t<\/div>\n\t\t\t\t\t\t\t<\/div> \n\t\t\t\n\t\n\t<br style=\"clear: both\" \/>\n\n\t\n\t\t<!-- Pagination -->\n\t\t<div class='ngg-clear'><\/div>\t<\/div>\n\n","protected":false},"excerpt":{"rendered":"<p>Dana 23. o\u017eujka 2017. godine, zapo\u010dela je radom vrtlarska grupa korisnika Doma za odrasle osobe u Orehovici. Prolje\u0107e je zapo\u010delo sadnjom lavande. &#8221; order_by=&#8221;sortorder&#8221; order_direction=&#8221;ASC&#8221; returns=&#8221;included&#8221; maximum_entity_count=&#8221;500&#8243;]<\/p>\n","protected":false},"author":6,"featured_media":0,"comment_status":"closed","ping_status":"open","sticky":false,"template":"","format":"standard","meta":{"ngg_post_thumbnail":0,"footnotes":""},"categories":[10],"tags":[],"_links":{"self":[{"href":"https:\/\/dom-orehovica.hr\/index.php?rest_route=\/wp\/v2\/posts\/949"}],"collection":[{"href":"https:\/\/dom-orehovica.hr\/index.php?rest_route=\/wp\/v2\/posts"}],"about":[{"href":"https:\/\/dom-orehovica.hr\/index.php?rest_route=\/wp\/v2\/types\/post"}],"author":[{"embeddable":true,"href":"https:\/\/dom-orehovica.hr\/index.php?rest_route=\/wp\/v2\/users\/6"}],"replies":[{"embeddable":true,"href":"https:\/\/dom-orehovica.hr\/index.php?rest_route=%2Fwp%2Fv2%2Fcomments&post=949"}],"version-history":[{"count":1,"href":"https:\/\/dom-orehovica.hr\/index.php?rest_route=\/wp\/v2\/posts\/949\/revisions"}],"predecessor-version":[{"id":1741,"href":"https:\/\/dom-orehovica.hr\/index.php?rest_route=\/wp\/v2\/posts\/949\/revisions\/1741"}],"wp:attachment":[{"href":"https:\/\/dom-orehovica.hr\/index.php?rest_route=%2Fwp%2Fv2%2Fmedia&parent=949"}],"wp:term":[{"taxonomy":"category","embeddable":true,"href":"https:\/\/dom-orehovica.hr\/index.php?rest_route=%2Fwp%2Fv2%2Fcategories&post=949"},{"taxonomy":"post_tag","embeddable":true,"href":"https:\/\/dom-orehovica.hr\/index.php?rest_route=%2Fwp%2Fv2%2Ftags&post=949"}],"curies":[{"name":"wp","href":"https:\/\/api.w.org\/{rel}","templated":true}]}}