{"id":858,"date":"2016-10-11T08:13:50","date_gmt":"2016-10-11T07:13:50","guid":{"rendered":"http:\/\/dom-orehovica.hr\/web\/?p=858"},"modified":"2018-03-28T06:49:33","modified_gmt":"2018-03-28T04:49:33","slug":"svecanost-zahvale-za-plodove-jeseni","status":"publish","type":"post","link":"https:\/\/dom-orehovica.hr\/?p=858","title":{"rendered":"SVE\u010cANOST ZAHVALE ZA PLODOVE JESENI"},"content":{"rendered":"<p style=\"text-align: justify;\">Kroz sve\u010danost Zahvale za plodove jeseni 7. listopada obilje\u017eili smo Dan starijih osoba, Dan neovisnosti, Dane zahvale za plodove zemlje i Dan kruha. U na\u0161em Domu okupili su se na\u0161i stalni suradnici i sa na\u0161im korisnicima i djelatnici zajedno proslavili navedene dane. Nakon programa kojeg su odr\u017eali na\u0161i korisnici, svi smo se zajedno po\u010dastili i ro\u0161tiljem. Hvala svim na\u0161im gostima na ugodnom dru\u017eenju.<\/p>\n<!-- default-view.php -->\n<div\n\tclass=\"ngg-galleryoverview default-view \n\t ngg-ajax-pagination-none\t\"\n\tid=\"ngg-gallery-6c57d15a7649015f18b331c432f190ad-1\">\n\n\t\t<!-- Thumbnails -->\n\t\t\t\t<div id=\"ngg-image-0\" class=\"ngg-gallery-thumbnail-box \n\t\t\t\t\t\t\t\t\t\t\t\" \n\t\t\t>\n\t\t\t\t\t\t<div class=\"ngg-gallery-thumbnail\">\n\t\t\t<a href=\"https:\/\/dom-orehovica.hr\/wp-content\/gallery\/svecanost-zahvale-za-plodove-zemlje-2016\/dsc05333.jpg\"\n\t\t\t\ttitle=\"\"\n\t\t\t\tdata-src=\"https:\/\/dom-orehovica.hr\/wp-content\/gallery\/svecanost-zahvale-za-plodove-zemlje-2016\/dsc05333.jpg\"\n\t\t\t\tdata-thumbnail=\"https:\/\/dom-orehovica.hr\/wp-content\/gallery\/svecanost-zahvale-za-plodove-zemlje-2016\/thumbs\/thumbs_dsc05333.jpg\"\n\t\t\t\tdata-image-id=\"111\"\n\t\t\t\tdata-title=\"dsc05333\"\n\t\t\t\tdata-description=\"\"\n\t\t\t\tdata-image-slug=\"dsc05333\"\n\t\t\t\tclass=\"ngg-fancybox\" rel=\"6c57d15a7649015f18b331c432f190ad\">\n\t\t\t\t<img\n\t\t\t\t\ttitle=\"dsc05333\"\n\t\t\t\t\talt=\"dsc05333\"\n\t\t\t\t\tsrc=\"https:\/\/dom-orehovica.hr\/wp-content\/gallery\/svecanost-zahvale-za-plodove-zemlje-2016\/thumbs\/thumbs_dsc05333.jpg\"\n\t\t\t\t\twidth=\"240\"\n\t\t\t\t\theight=\"160\"\n\t\t\t\t\tstyle=\"max-width:100%;\"\n\t\t\t\t\/>\n\t\t\t<\/a>\n\t\t<\/div>\n\t\t\t\t\t\t\t<\/div> \n\t\t\t\n\t\t\t\t<div id=\"ngg-image-1\" class=\"ngg-gallery-thumbnail-box \n\t\t\t\t\t\t\t\t\t\t\t\" \n\t\t\t>\n\t\t\t\t\t\t<div class=\"ngg-gallery-thumbnail\">\n\t\t\t<a href=\"https:\/\/dom-orehovica.hr\/wp-content\/gallery\/svecanost-zahvale-za-plodove-zemlje-2016\/dsc05336.jpg\"\n\t\t\t\ttitle=\"\"\n\t\t\t\tdata-src=\"https:\/\/dom-orehovica.hr\/wp-content\/gallery\/svecanost-zahvale-za-plodove-zemlje-2016\/dsc05336.jpg\"\n\t\t\t\tdata-thumbnail=\"https:\/\/dom-orehovica.hr\/wp-content\/gallery\/svecanost-zahvale-za-plodove-zemlje-2016\/thumbs\/thumbs_dsc05336.jpg\"\n\t\t\t\tdata-image-id=\"112\"\n\t\t\t\tdata-title=\"dsc05336\"\n\t\t\t\tdata-description=\"\"\n\t\t\t\tdata-image-slug=\"dsc05336\"\n\t\t\t\tclass=\"ngg-fancybox\" rel=\"6c57d15a7649015f18b331c432f190ad\">\n\t\t\t\t<img\n\t\t\t\t\ttitle=\"dsc05336\"\n\t\t\t\t\talt=\"dsc05336\"\n\t\t\t\t\tsrc=\"https:\/\/dom-orehovica.hr\/wp-content\/gallery\/svecanost-zahvale-za-plodove-zemlje-2016\/thumbs\/thumbs_dsc05336.jpg\"\n\t\t\t\t\twidth=\"240\"\n\t\t\t\t\theight=\"160\"\n\t\t\t\t\tstyle=\"max-width:100%;\"\n\t\t\t\t\/>\n\t\t\t<\/a>\n\t\t<\/div>\n\t\t\t\t\t\t\t<\/div> \n\t\t\t\n\t\t\t\t<div id=\"ngg-image-2\" class=\"ngg-gallery-thumbnail-box \n\t\t\t\t\t\t\t\t\t\t\t\" \n\t\t\t>\n\t\t\t\t\t\t<div class=\"ngg-gallery-thumbnail\">\n\t\t\t<a href=\"https:\/\/dom-orehovica.hr\/wp-content\/gallery\/svecanost-zahvale-za-plodove-zemlje-2016\/dsc05337.jpg\"\n\t\t\t\ttitle=\"\"\n\t\t\t\tdata-src=\"https:\/\/dom-orehovica.hr\/wp-content\/gallery\/svecanost-zahvale-za-plodove-zemlje-2016\/dsc05337.jpg\"\n\t\t\t\tdata-thumbnail=\"https:\/\/dom-orehovica.hr\/wp-content\/gallery\/svecanost-zahvale-za-plodove-zemlje-2016\/thumbs\/thumbs_dsc05337.jpg\"\n\t\t\t\tdata-image-id=\"113\"\n\t\t\t\tdata-title=\"dsc05337\"\n\t\t\t\tdata-description=\"\"\n\t\t\t\tdata-image-slug=\"dsc05337\"\n\t\t\t\tclass=\"ngg-fancybox\" rel=\"6c57d15a7649015f18b331c432f190ad\">\n\t\t\t\t<img\n\t\t\t\t\ttitle=\"dsc05337\"\n\t\t\t\t\talt=\"dsc05337\"\n\t\t\t\t\tsrc=\"https:\/\/dom-orehovica.hr\/wp-content\/gallery\/svecanost-zahvale-za-plodove-zemlje-2016\/thumbs\/thumbs_dsc05337.jpg\"\n\t\t\t\t\twidth=\"240\"\n\t\t\t\t\theight=\"160\"\n\t\t\t\t\tstyle=\"max-width:100%;\"\n\t\t\t\t\/>\n\t\t\t<\/a>\n\t\t<\/div>\n\t\t\t\t\t\t\t<\/div> \n\t\t\t\n\t\t\t\t<div id=\"ngg-image-3\" class=\"ngg-gallery-thumbnail-box \n\t\t\t\t\t\t\t\t\t\t\t\" \n\t\t\t>\n\t\t\t\t\t\t<div class=\"ngg-gallery-thumbnail\">\n\t\t\t<a href=\"https:\/\/dom-orehovica.hr\/wp-content\/gallery\/svecanost-zahvale-za-plodove-zemlje-2016\/dsc05340.jpg\"\n\t\t\t\ttitle=\"\"\n\t\t\t\tdata-src=\"https:\/\/dom-orehovica.hr\/wp-content\/gallery\/svecanost-zahvale-za-plodove-zemlje-2016\/dsc05340.jpg\"\n\t\t\t\tdata-thumbnail=\"https:\/\/dom-orehovica.hr\/wp-content\/gallery\/svecanost-zahvale-za-plodove-zemlje-2016\/thumbs\/thumbs_dsc05340.jpg\"\n\t\t\t\tdata-image-id=\"114\"\n\t\t\t\tdata-title=\"dsc05340\"\n\t\t\t\tdata-description=\"\"\n\t\t\t\tdata-image-slug=\"dsc05340\"\n\t\t\t\tclass=\"ngg-fancybox\" rel=\"6c57d15a7649015f18b331c432f190ad\">\n\t\t\t\t<img\n\t\t\t\t\ttitle=\"dsc05340\"\n\t\t\t\t\talt=\"dsc05340\"\n\t\t\t\t\tsrc=\"https:\/\/dom-orehovica.hr\/wp-content\/gallery\/svecanost-zahvale-za-plodove-zemlje-2016\/thumbs\/thumbs_dsc05340.jpg\"\n\t\t\t\t\twidth=\"240\"\n\t\t\t\t\theight=\"160\"\n\t\t\t\t\tstyle=\"max-width:100%;\"\n\t\t\t\t\/>\n\t\t\t<\/a>\n\t\t<\/div>\n\t\t\t\t\t\t\t<\/div> \n\t\t\t\n\t\t\t\t<div id=\"ngg-image-4\" class=\"ngg-gallery-thumbnail-box \n\t\t\t\t\t\t\t\t\t\t\t\" \n\t\t\t>\n\t\t\t\t\t\t<div class=\"ngg-gallery-thumbnail\">\n\t\t\t<a href=\"https:\/\/dom-orehovica.hr\/wp-content\/gallery\/svecanost-zahvale-za-plodove-zemlje-2016\/dsc05343.jpg\"\n\t\t\t\ttitle=\"\"\n\t\t\t\tdata-src=\"https:\/\/dom-orehovica.hr\/wp-content\/gallery\/svecanost-zahvale-za-plodove-zemlje-2016\/dsc05343.jpg\"\n\t\t\t\tdata-thumbnail=\"https:\/\/dom-orehovica.hr\/wp-content\/gallery\/svecanost-zahvale-za-plodove-zemlje-2016\/thumbs\/thumbs_dsc05343.jpg\"\n\t\t\t\tdata-image-id=\"115\"\n\t\t\t\tdata-title=\"dsc05343\"\n\t\t\t\tdata-description=\"\"\n\t\t\t\tdata-image-slug=\"dsc05343\"\n\t\t\t\tclass=\"ngg-fancybox\" rel=\"6c57d15a7649015f18b331c432f190ad\">\n\t\t\t\t<img\n\t\t\t\t\ttitle=\"dsc05343\"\n\t\t\t\t\talt=\"dsc05343\"\n\t\t\t\t\tsrc=\"https:\/\/dom-orehovica.hr\/wp-content\/gallery\/svecanost-zahvale-za-plodove-zemlje-2016\/thumbs\/thumbs_dsc05343.jpg\"\n\t\t\t\t\twidth=\"240\"\n\t\t\t\t\theight=\"160\"\n\t\t\t\t\tstyle=\"max-width:100%;\"\n\t\t\t\t\/>\n\t\t\t<\/a>\n\t\t<\/div>\n\t\t\t\t\t\t\t<\/div> \n\t\t\t\n\t\t\t\t<div id=\"ngg-image-5\" class=\"ngg-gallery-thumbnail-box \n\t\t\t\t\t\t\t\t\t\t\t\" \n\t\t\t>\n\t\t\t\t\t\t<div class=\"ngg-gallery-thumbnail\">\n\t\t\t<a href=\"https:\/\/dom-orehovica.hr\/wp-content\/gallery\/svecanost-zahvale-za-plodove-zemlje-2016\/dsc05356.jpg\"\n\t\t\t\ttitle=\"\"\n\t\t\t\tdata-src=\"https:\/\/dom-orehovica.hr\/wp-content\/gallery\/svecanost-zahvale-za-plodove-zemlje-2016\/dsc05356.jpg\"\n\t\t\t\tdata-thumbnail=\"https:\/\/dom-orehovica.hr\/wp-content\/gallery\/svecanost-zahvale-za-plodove-zemlje-2016\/thumbs\/thumbs_dsc05356.jpg\"\n\t\t\t\tdata-image-id=\"116\"\n\t\t\t\tdata-title=\"dsc05356\"\n\t\t\t\tdata-description=\"\"\n\t\t\t\tdata-image-slug=\"dsc05356\"\n\t\t\t\tclass=\"ngg-fancybox\" rel=\"6c57d15a7649015f18b331c432f190ad\">\n\t\t\t\t<img\n\t\t\t\t\ttitle=\"dsc05356\"\n\t\t\t\t\talt=\"dsc05356\"\n\t\t\t\t\tsrc=\"https:\/\/dom-orehovica.hr\/wp-content\/gallery\/svecanost-zahvale-za-plodove-zemlje-2016\/thumbs\/thumbs_dsc05356.jpg\"\n\t\t\t\t\twidth=\"240\"\n\t\t\t\t\theight=\"160\"\n\t\t\t\t\tstyle=\"max-width:100%;\"\n\t\t\t\t\/>\n\t\t\t<\/a>\n\t\t<\/div>\n\t\t\t\t\t\t\t<\/div> \n\t\t\t\n\t\t\t\t<div id=\"ngg-image-6\" class=\"ngg-gallery-thumbnail-box \n\t\t\t\t\t\t\t\t\t\t\t\" \n\t\t\t>\n\t\t\t\t\t\t<div class=\"ngg-gallery-thumbnail\">\n\t\t\t<a href=\"https:\/\/dom-orehovica.hr\/wp-content\/gallery\/svecanost-zahvale-za-plodove-zemlje-2016\/dsc05362.jpg\"\n\t\t\t\ttitle=\"\"\n\t\t\t\tdata-src=\"https:\/\/dom-orehovica.hr\/wp-content\/gallery\/svecanost-zahvale-za-plodove-zemlje-2016\/dsc05362.jpg\"\n\t\t\t\tdata-thumbnail=\"https:\/\/dom-orehovica.hr\/wp-content\/gallery\/svecanost-zahvale-za-plodove-zemlje-2016\/thumbs\/thumbs_dsc05362.jpg\"\n\t\t\t\tdata-image-id=\"117\"\n\t\t\t\tdata-title=\"dsc05362\"\n\t\t\t\tdata-description=\"\"\n\t\t\t\tdata-image-slug=\"dsc05362\"\n\t\t\t\tclass=\"ngg-fancybox\" rel=\"6c57d15a7649015f18b331c432f190ad\">\n\t\t\t\t<img\n\t\t\t\t\ttitle=\"dsc05362\"\n\t\t\t\t\talt=\"dsc05362\"\n\t\t\t\t\tsrc=\"https:\/\/dom-orehovica.hr\/wp-content\/gallery\/svecanost-zahvale-za-plodove-zemlje-2016\/thumbs\/thumbs_dsc05362.jpg\"\n\t\t\t\t\twidth=\"240\"\n\t\t\t\t\theight=\"160\"\n\t\t\t\t\tstyle=\"max-width:100%;\"\n\t\t\t\t\/>\n\t\t\t<\/a>\n\t\t<\/div>\n\t\t\t\t\t\t\t<\/div> \n\t\t\t\n\t\t\t\t<div id=\"ngg-image-7\" class=\"ngg-gallery-thumbnail-box \n\t\t\t\t\t\t\t\t\t\t\t\" \n\t\t\t>\n\t\t\t\t\t\t<div class=\"ngg-gallery-thumbnail\">\n\t\t\t<a href=\"https:\/\/dom-orehovica.hr\/wp-content\/gallery\/svecanost-zahvale-za-plodove-zemlje-2016\/dsc05364.jpg\"\n\t\t\t\ttitle=\"\"\n\t\t\t\tdata-src=\"https:\/\/dom-orehovica.hr\/wp-content\/gallery\/svecanost-zahvale-za-plodove-zemlje-2016\/dsc05364.jpg\"\n\t\t\t\tdata-thumbnail=\"https:\/\/dom-orehovica.hr\/wp-content\/gallery\/svecanost-zahvale-za-plodove-zemlje-2016\/thumbs\/thumbs_dsc05364.jpg\"\n\t\t\t\tdata-image-id=\"118\"\n\t\t\t\tdata-title=\"dsc05364\"\n\t\t\t\tdata-description=\"\"\n\t\t\t\tdata-image-slug=\"dsc05364\"\n\t\t\t\tclass=\"ngg-fancybox\" rel=\"6c57d15a7649015f18b331c432f190ad\">\n\t\t\t\t<img\n\t\t\t\t\ttitle=\"dsc05364\"\n\t\t\t\t\talt=\"dsc05364\"\n\t\t\t\t\tsrc=\"https:\/\/dom-orehovica.hr\/wp-content\/gallery\/svecanost-zahvale-za-plodove-zemlje-2016\/thumbs\/thumbs_dsc05364.jpg\"\n\t\t\t\t\twidth=\"240\"\n\t\t\t\t\theight=\"160\"\n\t\t\t\t\tstyle=\"max-width:100%;\"\n\t\t\t\t\/>\n\t\t\t<\/a>\n\t\t<\/div>\n\t\t\t\t\t\t\t<\/div> \n\t\t\t\n\t\t\t\t<div id=\"ngg-image-8\" class=\"ngg-gallery-thumbnail-box \n\t\t\t\t\t\t\t\t\t\t\t\" \n\t\t\t>\n\t\t\t\t\t\t<div class=\"ngg-gallery-thumbnail\">\n\t\t\t<a href=\"https:\/\/dom-orehovica.hr\/wp-content\/gallery\/svecanost-zahvale-za-plodove-zemlje-2016\/dsc05368.jpg\"\n\t\t\t\ttitle=\"\"\n\t\t\t\tdata-src=\"https:\/\/dom-orehovica.hr\/wp-content\/gallery\/svecanost-zahvale-za-plodove-zemlje-2016\/dsc05368.jpg\"\n\t\t\t\tdata-thumbnail=\"https:\/\/dom-orehovica.hr\/wp-content\/gallery\/svecanost-zahvale-za-plodove-zemlje-2016\/thumbs\/thumbs_dsc05368.jpg\"\n\t\t\t\tdata-image-id=\"119\"\n\t\t\t\tdata-title=\"dsc05368\"\n\t\t\t\tdata-description=\"\"\n\t\t\t\tdata-image-slug=\"dsc05368\"\n\t\t\t\tclass=\"ngg-fancybox\" rel=\"6c57d15a7649015f18b331c432f190ad\">\n\t\t\t\t<img\n\t\t\t\t\ttitle=\"dsc05368\"\n\t\t\t\t\talt=\"dsc05368\"\n\t\t\t\t\tsrc=\"https:\/\/dom-orehovica.hr\/wp-content\/gallery\/svecanost-zahvale-za-plodove-zemlje-2016\/thumbs\/thumbs_dsc05368.jpg\"\n\t\t\t\t\twidth=\"240\"\n\t\t\t\t\theight=\"160\"\n\t\t\t\t\tstyle=\"max-width:100%;\"\n\t\t\t\t\/>\n\t\t\t<\/a>\n\t\t<\/div>\n\t\t\t\t\t\t\t<\/div> \n\t\t\t\n\t\t\t\t<div id=\"ngg-image-9\" class=\"ngg-gallery-thumbnail-box \n\t\t\t\t\t\t\t\t\t\t\t\" \n\t\t\t>\n\t\t\t\t\t\t<div class=\"ngg-gallery-thumbnail\">\n\t\t\t<a href=\"https:\/\/dom-orehovica.hr\/wp-content\/gallery\/svecanost-zahvale-za-plodove-zemlje-2016\/dsc05375.jpg\"\n\t\t\t\ttitle=\"\"\n\t\t\t\tdata-src=\"https:\/\/dom-orehovica.hr\/wp-content\/gallery\/svecanost-zahvale-za-plodove-zemlje-2016\/dsc05375.jpg\"\n\t\t\t\tdata-thumbnail=\"https:\/\/dom-orehovica.hr\/wp-content\/gallery\/svecanost-zahvale-za-plodove-zemlje-2016\/thumbs\/thumbs_dsc05375.jpg\"\n\t\t\t\tdata-image-id=\"120\"\n\t\t\t\tdata-title=\"dsc05375\"\n\t\t\t\tdata-description=\"\"\n\t\t\t\tdata-image-slug=\"dsc05375\"\n\t\t\t\tclass=\"ngg-fancybox\" rel=\"6c57d15a7649015f18b331c432f190ad\">\n\t\t\t\t<img\n\t\t\t\t\ttitle=\"dsc05375\"\n\t\t\t\t\talt=\"dsc05375\"\n\t\t\t\t\tsrc=\"https:\/\/dom-orehovica.hr\/wp-content\/gallery\/svecanost-zahvale-za-plodove-zemlje-2016\/thumbs\/thumbs_dsc05375.jpg\"\n\t\t\t\t\twidth=\"240\"\n\t\t\t\t\theight=\"160\"\n\t\t\t\t\tstyle=\"max-width:100%;\"\n\t\t\t\t\/>\n\t\t\t<\/a>\n\t\t<\/div>\n\t\t\t\t\t\t\t<\/div> \n\t\t\t\n\t\t\t\t<div id=\"ngg-image-10\" class=\"ngg-gallery-thumbnail-box \n\t\t\t\t\t\t\t\t\t\t\t\" \n\t\t\t>\n\t\t\t\t\t\t<div class=\"ngg-gallery-thumbnail\">\n\t\t\t<a href=\"https:\/\/dom-orehovica.hr\/wp-content\/gallery\/svecanost-zahvale-za-plodove-zemlje-2016\/dsc05382.jpg\"\n\t\t\t\ttitle=\"\"\n\t\t\t\tdata-src=\"https:\/\/dom-orehovica.hr\/wp-content\/gallery\/svecanost-zahvale-za-plodove-zemlje-2016\/dsc05382.jpg\"\n\t\t\t\tdata-thumbnail=\"https:\/\/dom-orehovica.hr\/wp-content\/gallery\/svecanost-zahvale-za-plodove-zemlje-2016\/thumbs\/thumbs_dsc05382.jpg\"\n\t\t\t\tdata-image-id=\"121\"\n\t\t\t\tdata-title=\"dsc05382\"\n\t\t\t\tdata-description=\"\"\n\t\t\t\tdata-image-slug=\"dsc05382\"\n\t\t\t\tclass=\"ngg-fancybox\" rel=\"6c57d15a7649015f18b331c432f190ad\">\n\t\t\t\t<img\n\t\t\t\t\ttitle=\"dsc05382\"\n\t\t\t\t\talt=\"dsc05382\"\n\t\t\t\t\tsrc=\"https:\/\/dom-orehovica.hr\/wp-content\/gallery\/svecanost-zahvale-za-plodove-zemlje-2016\/thumbs\/thumbs_dsc05382.jpg\"\n\t\t\t\t\twidth=\"240\"\n\t\t\t\t\theight=\"160\"\n\t\t\t\t\tstyle=\"max-width:100%;\"\n\t\t\t\t\/>\n\t\t\t<\/a>\n\t\t<\/div>\n\t\t\t\t\t\t\t<\/div> \n\t\t\t\n\t\t\t\t<div id=\"ngg-image-11\" class=\"ngg-gallery-thumbnail-box \n\t\t\t\t\t\t\t\t\t\t\t\" \n\t\t\t>\n\t\t\t\t\t\t<div class=\"ngg-gallery-thumbnail\">\n\t\t\t<a href=\"https:\/\/dom-orehovica.hr\/wp-content\/gallery\/svecanost-zahvale-za-plodove-zemlje-2016\/g20161007_103232.jpg\"\n\t\t\t\ttitle=\"\"\n\t\t\t\tdata-src=\"https:\/\/dom-orehovica.hr\/wp-content\/gallery\/svecanost-zahvale-za-plodove-zemlje-2016\/g20161007_103232.jpg\"\n\t\t\t\tdata-thumbnail=\"https:\/\/dom-orehovica.hr\/wp-content\/gallery\/svecanost-zahvale-za-plodove-zemlje-2016\/thumbs\/thumbs_g20161007_103232.jpg\"\n\t\t\t\tdata-image-id=\"122\"\n\t\t\t\tdata-title=\"g20161007_103232\"\n\t\t\t\tdata-description=\"\"\n\t\t\t\tdata-image-slug=\"g20161007_103232\"\n\t\t\t\tclass=\"ngg-fancybox\" rel=\"6c57d15a7649015f18b331c432f190ad\">\n\t\t\t\t<img\n\t\t\t\t\ttitle=\"g20161007_103232\"\n\t\t\t\t\talt=\"g20161007_103232\"\n\t\t\t\t\tsrc=\"https:\/\/dom-orehovica.hr\/wp-content\/gallery\/svecanost-zahvale-za-plodove-zemlje-2016\/thumbs\/thumbs_g20161007_103232.jpg\"\n\t\t\t\t\twidth=\"240\"\n\t\t\t\t\theight=\"160\"\n\t\t\t\t\tstyle=\"max-width:100%;\"\n\t\t\t\t\/>\n\t\t\t<\/a>\n\t\t<\/div>\n\t\t\t\t\t\t\t<\/div> \n\t\t\t\n\t\t\t\t<div id=\"ngg-image-12\" class=\"ngg-gallery-thumbnail-box \n\t\t\t\t\t\t\t\t\t\t\t\" \n\t\t\t>\n\t\t\t\t\t\t<div class=\"ngg-gallery-thumbnail\">\n\t\t\t<a href=\"https:\/\/dom-orehovica.hr\/wp-content\/gallery\/svecanost-zahvale-za-plodove-zemlje-2016\/g20161007_105343.jpg\"\n\t\t\t\ttitle=\"\"\n\t\t\t\tdata-src=\"https:\/\/dom-orehovica.hr\/wp-content\/gallery\/svecanost-zahvale-za-plodove-zemlje-2016\/g20161007_105343.jpg\"\n\t\t\t\tdata-thumbnail=\"https:\/\/dom-orehovica.hr\/wp-content\/gallery\/svecanost-zahvale-za-plodove-zemlje-2016\/thumbs\/thumbs_g20161007_105343.jpg\"\n\t\t\t\tdata-image-id=\"123\"\n\t\t\t\tdata-title=\"g20161007_105343\"\n\t\t\t\tdata-description=\"\"\n\t\t\t\tdata-image-slug=\"g20161007_105343\"\n\t\t\t\tclass=\"ngg-fancybox\" rel=\"6c57d15a7649015f18b331c432f190ad\">\n\t\t\t\t<img\n\t\t\t\t\ttitle=\"g20161007_105343\"\n\t\t\t\t\talt=\"g20161007_105343\"\n\t\t\t\t\tsrc=\"https:\/\/dom-orehovica.hr\/wp-content\/gallery\/svecanost-zahvale-za-plodove-zemlje-2016\/thumbs\/thumbs_g20161007_105343.jpg\"\n\t\t\t\t\twidth=\"240\"\n\t\t\t\t\theight=\"160\"\n\t\t\t\t\tstyle=\"max-width:100%;\"\n\t\t\t\t\/>\n\t\t\t<\/a>\n\t\t<\/div>\n\t\t\t\t\t\t\t<\/div> \n\t\t\t\n\t\n\t<br style=\"clear: both\" \/>\n\n\t\n\t\t<!-- Pagination -->\n\t\t<div class='ngg-clear'><\/div>\t<\/div>\n\n","protected":false},"excerpt":{"rendered":"<p>Kroz sve\u010danost Zahvale za plodove jeseni 7. listopada obilje\u017eili smo Dan starijih osoba, Dan neovisnosti, Dane zahvale za plodove zemlje i Dan kruha. U na\u0161em Domu okupili su se na\u0161i stalni suradnici i sa na\u0161im korisnicima i djelatnici zajedno proslavili navedene dane. Nakon programa kojeg su odr\u017eali na\u0161i korisnici, svi smo se zajedno po\u010dastili i&hellip;<\/p>\n","protected":false},"author":3,"featured_media":0,"comment_status":"closed","ping_status":"open","sticky":false,"template":"","format":"standard","meta":{"ngg_post_thumbnail":0,"footnotes":""},"categories":[10],"tags":[],"_links":{"self":[{"href":"https:\/\/dom-orehovica.hr\/index.php?rest_route=\/wp\/v2\/posts\/858"}],"collection":[{"href":"https:\/\/dom-orehovica.hr\/index.php?rest_route=\/wp\/v2\/posts"}],"about":[{"href":"https:\/\/dom-orehovica.hr\/index.php?rest_route=\/wp\/v2\/types\/post"}],"author":[{"embeddable":true,"href":"https:\/\/dom-orehovica.hr\/index.php?rest_route=\/wp\/v2\/users\/3"}],"replies":[{"embeddable":true,"href":"https:\/\/dom-orehovica.hr\/index.php?rest_route=%2Fwp%2Fv2%2Fcomments&post=858"}],"version-history":[{"count":2,"href":"https:\/\/dom-orehovica.hr\/index.php?rest_route=\/wp\/v2\/posts\/858\/revisions"}],"predecessor-version":[{"id":1745,"href":"https:\/\/dom-orehovica.hr\/index.php?rest_route=\/wp\/v2\/posts\/858\/revisions\/1745"}],"wp:attachment":[{"href":"https:\/\/dom-orehovica.hr\/index.php?rest_route=%2Fwp%2Fv2%2Fmedia&parent=858"}],"wp:term":[{"taxonomy":"category","embeddable":true,"href":"https:\/\/dom-orehovica.hr\/index.php?rest_route=%2Fwp%2Fv2%2Fcategories&post=858"},{"taxonomy":"post_tag","embeddable":true,"href":"https:\/\/dom-orehovica.hr\/index.php?rest_route=%2Fwp%2Fv2%2Ftags&post=858"}],"curies":[{"name":"wp","href":"https:\/\/api.w.org\/{rel}","templated":true}]}}