{"id":846,"date":"2016-09-08T09:04:12","date_gmt":"2016-09-08T08:04:12","guid":{"rendered":"http:\/\/dom-orehovica.hr\/web\/?p=846"},"modified":"2018-03-28T06:49:28","modified_gmt":"2018-03-28T04:49:28","slug":"europski-tjedan-sporta-beactive-european-week-of-sport-the-2016-edition","status":"publish","type":"post","link":"https:\/\/dom-orehovica.hr\/?p=846","title":{"rendered":"Europski tjedan sporta (#BEACTIVE European Week of Sport the 2016. Edition)"},"content":{"rendered":"<p><a href=\"http:\/\/dom-orehovica.hr\/wp-content\/uploads\/2016\/09\/Cover_FM2016_13.png\"><img loading=\"lazy\" decoding=\"async\" class=\"aligncenter wp-image-853 size-medium\" title=\"Cover_FM2016_1\" src=\"http:\/\/dom-orehovica.hr\/wp-content\/uploads\/2016\/09\/Cover_FM2016_13-300x200.png\" alt=\"\" width=\"300\" height=\"200\" srcset=\"https:\/\/dom-orehovica.hr\/wp-content\/uploads\/2016\/09\/Cover_FM2016_13-300x200.png 300w, https:\/\/dom-orehovica.hr\/wp-content\/uploads\/2016\/09\/Cover_FM2016_13-768x512.png 768w, https:\/\/dom-orehovica.hr\/wp-content\/uploads\/2016\/09\/Cover_FM2016_13-1024x683.png 1024w, https:\/\/dom-orehovica.hr\/wp-content\/uploads\/2016\/09\/Cover_FM2016_13-1200x800.png 1200w, https:\/\/dom-orehovica.hr\/wp-content\/uploads\/2016\/09\/Cover_FM2016_13.png 1920w\" sizes=\"(max-width: 300px) 100vw, 300px\" \/><\/a><\/p>\n<p style=\"text-align: justify;\">Dom za odrasle osobe Orehovica ove se godine pridru\u017euje obilje\u017eavanju Europskog tjedna sporta, sudjelovanjem u plesnom doga\u0111aju pod nazivom FlashMOVE.<br \/>\n15 korisnika i djelatnika svakodnevno marljivo uvje\u017ebava plesne korake, te \u0107e se 10. rujna u Prelogu pridru\u017eiti u Flash mobu i time najaviti ovogodi\u0161nji po\u010detak Europskog tjedna sporta, koji \u0107e se u Hrvatskoj odr\u017eavati od 10. &#8211; 17. rujna.<\/p>\n<p style=\"text-align: justify;\">Ove \u0107e godine u Me\u0111imurju <strong>FlashMOVE<\/strong> biti odr\u017ean u koordinaciji Zavoda za javno zdravstvo Me\u0111imurske \u017eupanije te u suradnji s brojnim drugim partnerima. Plesni nastupi \u0107e se odr\u017eati 10. rujna u 11h, istovremeno u Prelogu (u centru grada), \u010cakovcu (Trg Republike), Murskom Sredi\u0161\u0107u (SRC Zale\u0161\u0107e), Gardinovcu (park ispred Dru\u0161tvenog doma) te u Belici (ispred Dru\u0161tvenog doma). Flash mob \u0107e biti organiziran i u sklopu Me\u0111imurskog Festivala sportske rekreacije \u017eena.&nbsp; O\u010dekuje se vi\u0161e od 600 plesa\u010da svih dobnih skupina.<\/p>\n","protected":false},"excerpt":{"rendered":"<p>Dom za odrasle osobe Orehovica ove se godine pridru\u017euje obilje\u017eavanju Europskog tjedna sporta, sudjelovanjem u plesnom doga\u0111aju pod nazivom FlashMOVE. 15 korisnika i djelatnika svakodnevno marljivo uvje\u017ebava plesne korake, te \u0107e se 10. rujna u Prelogu pridru\u017eiti u Flash mobu i time najaviti ovogodi\u0161nji po\u010detak Europskog tjedna sporta, koji \u0107e se u Hrvatskoj odr\u017eavati od&hellip;<\/p>\n","protected":false},"author":3,"featured_media":0,"comment_status":"closed","ping_status":"open","sticky":false,"template":"","format":"standard","meta":{"ngg_post_thumbnail":0,"footnotes":""},"categories":[10],"tags":[],"_links":{"self":[{"href":"https:\/\/dom-orehovica.hr\/index.php?rest_route=\/wp\/v2\/posts\/846"}],"collection":[{"href":"https:\/\/dom-orehovica.hr\/index.php?rest_route=\/wp\/v2\/posts"}],"about":[{"href":"https:\/\/dom-orehovica.hr\/index.php?rest_route=\/wp\/v2\/types\/post"}],"author":[{"embeddable":true,"href":"https:\/\/dom-orehovica.hr\/index.php?rest_route=\/wp\/v2\/users\/3"}],"replies":[{"embeddable":true,"href":"https:\/\/dom-orehovica.hr\/index.php?rest_route=%2Fwp%2Fv2%2Fcomments&post=846"}],"version-history":[{"count":1,"href":"https:\/\/dom-orehovica.hr\/index.php?rest_route=\/wp\/v2\/posts\/846\/revisions"}],"predecessor-version":[{"id":1746,"href":"https:\/\/dom-orehovica.hr\/index.php?rest_route=\/wp\/v2\/posts\/846\/revisions\/1746"}],"wp:attachment":[{"href":"https:\/\/dom-orehovica.hr\/index.php?rest_route=%2Fwp%2Fv2%2Fmedia&parent=846"}],"wp:term":[{"taxonomy":"category","embeddable":true,"href":"https:\/\/dom-orehovica.hr\/index.php?rest_route=%2Fwp%2Fv2%2Fcategories&post=846"},{"taxonomy":"post_tag","embeddable":true,"href":"https:\/\/dom-orehovica.hr\/index.php?rest_route=%2Fwp%2Fv2%2Ftags&post=846"}],"curies":[{"name":"wp","href":"https:\/\/api.w.org\/{rel}","templated":true}]}}