{"id":725,"date":"2015-10-09T15:28:54","date_gmt":"2015-10-09T14:28:54","guid":{"rendered":"http:\/\/dom-orehovica.hr\/web\/?p=725"},"modified":"2018-03-28T06:46:34","modified_gmt":"2018-03-28T04:46:34","slug":"svjetski-dan-mentalnog-zdravlja-2015","status":"publish","type":"post","link":"https:\/\/dom-orehovica.hr\/?p=725","title":{"rendered":"Svjetski dan mentalnog zdravlja 2015"},"content":{"rendered":"<p align=\"center\">SVJETSKI DAN MENTALNOG ZDRAVLJA 2015<\/p>\n<p align=\"center\"><strong>DOSTOJANSTO U MENTALNOM ZDRAVLJU<\/strong><\/p>\n<p>&nbsp;<\/p>\n<p style=\"text-align: justify;\">Svjetski dan mentalnog zdravlja odr\u017eava se svake godine 10. listopada, a cilj mu je podizati svijest o problemima mentalnog zdravlja diljem svijeta kao i poticanje na ulaganje u sustav podr\u0161ke mentalnom zdravlju.<\/p>\n<p style=\"text-align: justify;\">O tome koliko je zapravo mentalno zdravlje bitno govori i sama definicija zdravlja koju je 1926. godine dao Andrija \u0160tampar:&nbsp;<em>\u201eZdravlje je stanje potpunog fizi\u010dkog, psihi\u010dkog i socijalnog blagostanja, a ne samo odsustvo bolesti\u201c<\/em>. Osim spre\u010davanja bolesti, ono podrazumijeva o\u010duvanje i unaprje\u0111enje mentalnog zdravlja te dostizanje punog osobnog potencijala. Du\u0161evni (mentalni) poreme\u0107aji, zbog relativno visoke prevalencije, \u010destog po\u010detka u mla\u0111oj odrasloj dobi, mogu\u0107eg kroni\u010dnog tijeka, naru\u0161avanja kvalitete \u017eivota oboljelog i njegove okoline te zna\u010dajnog udjela u kori\u0161tenju zdravstvene za\u0161tite, predstavljaju jedan od prioritetnih javnozdravstvenih problema, kako u svijetu, tako i u Republici Hrvatskoj.<\/p>\n<p style=\"text-align: justify;\">Tema ovogodi\u0161njeg Svjetskog dana mentalnog zdravlja je \u201eDostojanstvo u mentalnom zdravlju\u201c. Ove godine Svjetska zdravstvena organizacija \u0107e podizati svijest o tome \u0161to se mo\u017ee u\u010diniti kako bi se osiguralo da ljudi sa mentalnim bolestima mogu nastaviti \u017eivjeti sa dostojanstvom, i to kroz pravila i zakone koji su orijentirani na ljudska prava, obukom zdravstvenih djelatnika, po\u0161tivanjem informiranog pristanka na lije\u010denje, uklju\u010divanjem u proces dono\u0161enja odluke i javnim edukacijskim kampanjama.<\/p>\n<p>&nbsp;<\/p>\n<p><em>Izvori:<\/em><\/p>\n<p><em><a href=\"http:\/\/www.hzzo.hr\/svjetski-dan-mentalnog-zdravlja-10-listopada\/\">http:\/\/www.hzzo.hr\/svjetski-dan-mentalnog-zdravlja-10-listopada\/<\/a><\/em><\/p>\n<p><em><a href=\"https:\/\/hr.wikipedia.org\/wiki\/Svjetski_dan_mentalnog_zdravlja\">https:\/\/hr.wikipedia.org\/wiki\/Svjetski_dan_mentalnog_zdravlja<\/a><\/em><\/p>\n<p><em><a href=\"http:\/\/www.who.int\/mental_health\/world-mental-health-day\/2015\/en\/\">http:\/\/www.who.int\/mental_health\/world-mental-health-day\/2015\/en\/<\/a><\/em><\/p>\n<p style=\"text-align: justify;\">Kako bi obilje\u017eili Svjetski dan mentalnog zdravlja u domu smo zamolili korisnike da ukratko podijele neka svoja iskustva vezana uz svoju bolest.<br \/>\nPogledajte u galeriji neke od odgovora\u2026<\/p>\n<!-- default-view.php -->\n<div\n\tclass=\"ngg-galleryoverview default-view \n\t ngg-ajax-pagination-none\t\"\n\tid=\"ngg-gallery-c45e937245d03fab46ff0db65130bd81-1\">\n\n\t\t<!-- Thumbnails -->\n\t\t\t\t<div id=\"ngg-image-0\" class=\"ngg-gallery-thumbnail-box \n\t\t\t\t\t\t\t\t\t\t\t\" \n\t\t\t>\n\t\t\t\t\t\t<div class=\"ngg-gallery-thumbnail\">\n\t\t\t<a href=\"https:\/\/dom-orehovica.hr\/wp-content\/gallery\/svjetski-dan-mentalnog-zdravlja-2015\/0.png\"\n\t\t\t\ttitle=\"\"\n\t\t\t\tdata-src=\"https:\/\/dom-orehovica.hr\/wp-content\/gallery\/svjetski-dan-mentalnog-zdravlja-2015\/0.png\"\n\t\t\t\tdata-thumbnail=\"https:\/\/dom-orehovica.hr\/wp-content\/gallery\/svjetski-dan-mentalnog-zdravlja-2015\/thumbs\/thumbs_0.png\"\n\t\t\t\tdata-image-id=\"105\"\n\t\t\t\tdata-title=\"\"\n\t\t\t\tdata-description=\"\"\n\t\t\t\tdata-image-slug=\"0\"\n\t\t\t\tclass=\"ngg-fancybox\" rel=\"c45e937245d03fab46ff0db65130bd81\">\n\t\t\t\t<img\n\t\t\t\t\ttitle=\"\"\n\t\t\t\t\talt=\"\"\n\t\t\t\t\tsrc=\"https:\/\/dom-orehovica.hr\/wp-content\/gallery\/svjetski-dan-mentalnog-zdravlja-2015\/thumbs\/thumbs_0.png\"\n\t\t\t\t\twidth=\"240\"\n\t\t\t\t\theight=\"160\"\n\t\t\t\t\tstyle=\"max-width:100%;\"\n\t\t\t\t\/>\n\t\t\t<\/a>\n\t\t<\/div>\n\t\t\t\t\t\t\t<\/div> \n\t\t\t\n\t\t\t\t<div id=\"ngg-image-1\" class=\"ngg-gallery-thumbnail-box \n\t\t\t\t\t\t\t\t\t\t\t\" \n\t\t\t>\n\t\t\t\t\t\t<div class=\"ngg-gallery-thumbnail\">\n\t\t\t<a href=\"https:\/\/dom-orehovica.hr\/wp-content\/gallery\/svjetski-dan-mentalnog-zdravlja-2015\/1.png\"\n\t\t\t\ttitle=\"\"\n\t\t\t\tdata-src=\"https:\/\/dom-orehovica.hr\/wp-content\/gallery\/svjetski-dan-mentalnog-zdravlja-2015\/1.png\"\n\t\t\t\tdata-thumbnail=\"https:\/\/dom-orehovica.hr\/wp-content\/gallery\/svjetski-dan-mentalnog-zdravlja-2015\/thumbs\/thumbs_1.png\"\n\t\t\t\tdata-image-id=\"106\"\n\t\t\t\tdata-title=\"1\"\n\t\t\t\tdata-description=\"\"\n\t\t\t\tdata-image-slug=\"1-5\"\n\t\t\t\tclass=\"ngg-fancybox\" rel=\"c45e937245d03fab46ff0db65130bd81\">\n\t\t\t\t<img\n\t\t\t\t\ttitle=\"1\"\n\t\t\t\t\talt=\"1\"\n\t\t\t\t\tsrc=\"https:\/\/dom-orehovica.hr\/wp-content\/gallery\/svjetski-dan-mentalnog-zdravlja-2015\/thumbs\/thumbs_1.png\"\n\t\t\t\t\twidth=\"240\"\n\t\t\t\t\theight=\"160\"\n\t\t\t\t\tstyle=\"max-width:100%;\"\n\t\t\t\t\/>\n\t\t\t<\/a>\n\t\t<\/div>\n\t\t\t\t\t\t\t<\/div> \n\t\t\t\n\t\t\t\t<div id=\"ngg-image-2\" class=\"ngg-gallery-thumbnail-box \n\t\t\t\t\t\t\t\t\t\t\t\" \n\t\t\t>\n\t\t\t\t\t\t<div class=\"ngg-gallery-thumbnail\">\n\t\t\t<a href=\"https:\/\/dom-orehovica.hr\/wp-content\/gallery\/svjetski-dan-mentalnog-zdravlja-2015\/2.png\"\n\t\t\t\ttitle=\"\"\n\t\t\t\tdata-src=\"https:\/\/dom-orehovica.hr\/wp-content\/gallery\/svjetski-dan-mentalnog-zdravlja-2015\/2.png\"\n\t\t\t\tdata-thumbnail=\"https:\/\/dom-orehovica.hr\/wp-content\/gallery\/svjetski-dan-mentalnog-zdravlja-2015\/thumbs\/thumbs_2.png\"\n\t\t\t\tdata-image-id=\"107\"\n\t\t\t\tdata-title=\"2\"\n\t\t\t\tdata-description=\"\"\n\t\t\t\tdata-image-slug=\"2-4\"\n\t\t\t\tclass=\"ngg-fancybox\" rel=\"c45e937245d03fab46ff0db65130bd81\">\n\t\t\t\t<img\n\t\t\t\t\ttitle=\"2\"\n\t\t\t\t\talt=\"2\"\n\t\t\t\t\tsrc=\"https:\/\/dom-orehovica.hr\/wp-content\/gallery\/svjetski-dan-mentalnog-zdravlja-2015\/thumbs\/thumbs_2.png\"\n\t\t\t\t\twidth=\"240\"\n\t\t\t\t\theight=\"160\"\n\t\t\t\t\tstyle=\"max-width:100%;\"\n\t\t\t\t\/>\n\t\t\t<\/a>\n\t\t<\/div>\n\t\t\t\t\t\t\t<\/div> \n\t\t\t\n\t\t\t\t<div id=\"ngg-image-3\" class=\"ngg-gallery-thumbnail-box \n\t\t\t\t\t\t\t\t\t\t\t\" \n\t\t\t>\n\t\t\t\t\t\t<div class=\"ngg-gallery-thumbnail\">\n\t\t\t<a href=\"https:\/\/dom-orehovica.hr\/wp-content\/gallery\/svjetski-dan-mentalnog-zdravlja-2015\/3.png\"\n\t\t\t\ttitle=\"\"\n\t\t\t\tdata-src=\"https:\/\/dom-orehovica.hr\/wp-content\/gallery\/svjetski-dan-mentalnog-zdravlja-2015\/3.png\"\n\t\t\t\tdata-thumbnail=\"https:\/\/dom-orehovica.hr\/wp-content\/gallery\/svjetski-dan-mentalnog-zdravlja-2015\/thumbs\/thumbs_3.png\"\n\t\t\t\tdata-image-id=\"108\"\n\t\t\t\tdata-title=\"3\"\n\t\t\t\tdata-description=\"\"\n\t\t\t\tdata-image-slug=\"3-5\"\n\t\t\t\tclass=\"ngg-fancybox\" rel=\"c45e937245d03fab46ff0db65130bd81\">\n\t\t\t\t<img\n\t\t\t\t\ttitle=\"3\"\n\t\t\t\t\talt=\"3\"\n\t\t\t\t\tsrc=\"https:\/\/dom-orehovica.hr\/wp-content\/gallery\/svjetski-dan-mentalnog-zdravlja-2015\/thumbs\/thumbs_3.png\"\n\t\t\t\t\twidth=\"240\"\n\t\t\t\t\theight=\"160\"\n\t\t\t\t\tstyle=\"max-width:100%;\"\n\t\t\t\t\/>\n\t\t\t<\/a>\n\t\t<\/div>\n\t\t\t\t\t\t\t<\/div> \n\t\t\t\n\t\t\t\t<div id=\"ngg-image-4\" class=\"ngg-gallery-thumbnail-box \n\t\t\t\t\t\t\t\t\t\t\t\" \n\t\t\t>\n\t\t\t\t\t\t<div class=\"ngg-gallery-thumbnail\">\n\t\t\t<a href=\"https:\/\/dom-orehovica.hr\/wp-content\/gallery\/svjetski-dan-mentalnog-zdravlja-2015\/4.png\"\n\t\t\t\ttitle=\"\"\n\t\t\t\tdata-src=\"https:\/\/dom-orehovica.hr\/wp-content\/gallery\/svjetski-dan-mentalnog-zdravlja-2015\/4.png\"\n\t\t\t\tdata-thumbnail=\"https:\/\/dom-orehovica.hr\/wp-content\/gallery\/svjetski-dan-mentalnog-zdravlja-2015\/thumbs\/thumbs_4.png\"\n\t\t\t\tdata-image-id=\"109\"\n\t\t\t\tdata-title=\"4\"\n\t\t\t\tdata-description=\"\"\n\t\t\t\tdata-image-slug=\"4-4\"\n\t\t\t\tclass=\"ngg-fancybox\" rel=\"c45e937245d03fab46ff0db65130bd81\">\n\t\t\t\t<img\n\t\t\t\t\ttitle=\"4\"\n\t\t\t\t\talt=\"4\"\n\t\t\t\t\tsrc=\"https:\/\/dom-orehovica.hr\/wp-content\/gallery\/svjetski-dan-mentalnog-zdravlja-2015\/thumbs\/thumbs_4.png\"\n\t\t\t\t\twidth=\"240\"\n\t\t\t\t\theight=\"160\"\n\t\t\t\t\tstyle=\"max-width:100%;\"\n\t\t\t\t\/>\n\t\t\t<\/a>\n\t\t<\/div>\n\t\t\t\t\t\t\t<\/div> \n\t\t\t\n\t\t\t\t<div id=\"ngg-image-5\" class=\"ngg-gallery-thumbnail-box \n\t\t\t\t\t\t\t\t\t\t\t\" \n\t\t\t>\n\t\t\t\t\t\t<div class=\"ngg-gallery-thumbnail\">\n\t\t\t<a href=\"https:\/\/dom-orehovica.hr\/wp-content\/gallery\/svjetski-dan-mentalnog-zdravlja-2015\/5.png\"\n\t\t\t\ttitle=\"\"\n\t\t\t\tdata-src=\"https:\/\/dom-orehovica.hr\/wp-content\/gallery\/svjetski-dan-mentalnog-zdravlja-2015\/5.png\"\n\t\t\t\tdata-thumbnail=\"https:\/\/dom-orehovica.hr\/wp-content\/gallery\/svjetski-dan-mentalnog-zdravlja-2015\/thumbs\/thumbs_5.png\"\n\t\t\t\tdata-image-id=\"110\"\n\t\t\t\tdata-title=\"5\"\n\t\t\t\tdata-description=\"\"\n\t\t\t\tdata-image-slug=\"5-4\"\n\t\t\t\tclass=\"ngg-fancybox\" rel=\"c45e937245d03fab46ff0db65130bd81\">\n\t\t\t\t<img\n\t\t\t\t\ttitle=\"5\"\n\t\t\t\t\talt=\"5\"\n\t\t\t\t\tsrc=\"https:\/\/dom-orehovica.hr\/wp-content\/gallery\/svjetski-dan-mentalnog-zdravlja-2015\/thumbs\/thumbs_5.png\"\n\t\t\t\t\twidth=\"240\"\n\t\t\t\t\theight=\"160\"\n\t\t\t\t\tstyle=\"max-width:100%;\"\n\t\t\t\t\/>\n\t\t\t<\/a>\n\t\t<\/div>\n\t\t\t\t\t\t\t<\/div> \n\t\t\t\n\t\n\t<br style=\"clear: both\" \/>\n\n\t\n\t\t<!-- Pagination -->\n\t\t<div class='ngg-clear'><\/div>\t<\/div>\n\n","protected":false},"excerpt":{"rendered":"<p>SVJETSKI DAN MENTALNOG ZDRAVLJA 2015 DOSTOJANSTO U MENTALNOM ZDRAVLJU &nbsp; Svjetski dan mentalnog zdravlja odr\u017eava se svake godine 10. listopada, a cilj mu je podizati svijest o problemima mentalnog zdravlja diljem svijeta kao i poticanje na ulaganje u sustav podr\u0161ke mentalnom zdravlju. O tome koliko je zapravo mentalno zdravlje bitno govori i sama definicija zdravlja&hellip;<\/p>\n","protected":false},"author":3,"featured_media":0,"comment_status":"closed","ping_status":"open","sticky":false,"template":"","format":"standard","meta":{"ngg_post_thumbnail":0,"footnotes":""},"categories":[10],"tags":[],"_links":{"self":[{"href":"https:\/\/dom-orehovica.hr\/index.php?rest_route=\/wp\/v2\/posts\/725"}],"collection":[{"href":"https:\/\/dom-orehovica.hr\/index.php?rest_route=\/wp\/v2\/posts"}],"about":[{"href":"https:\/\/dom-orehovica.hr\/index.php?rest_route=\/wp\/v2\/types\/post"}],"author":[{"embeddable":true,"href":"https:\/\/dom-orehovica.hr\/index.php?rest_route=\/wp\/v2\/users\/3"}],"replies":[{"embeddable":true,"href":"https:\/\/dom-orehovica.hr\/index.php?rest_route=%2Fwp%2Fv2%2Fcomments&post=725"}],"version-history":[{"count":1,"href":"https:\/\/dom-orehovica.hr\/index.php?rest_route=\/wp\/v2\/posts\/725\/revisions"}],"predecessor-version":[{"id":1747,"href":"https:\/\/dom-orehovica.hr\/index.php?rest_route=\/wp\/v2\/posts\/725\/revisions\/1747"}],"wp:attachment":[{"href":"https:\/\/dom-orehovica.hr\/index.php?rest_route=%2Fwp%2Fv2%2Fmedia&parent=725"}],"wp:term":[{"taxonomy":"category","embeddable":true,"href":"https:\/\/dom-orehovica.hr\/index.php?rest_route=%2Fwp%2Fv2%2Fcategories&post=725"},{"taxonomy":"post_tag","embeddable":true,"href":"https:\/\/dom-orehovica.hr\/index.php?rest_route=%2Fwp%2Fv2%2Ftags&post=725"}],"curies":[{"name":"wp","href":"https:\/\/api.w.org\/{rel}","templated":true}]}}