{"id":720,"date":"2015-10-02T08:19:15","date_gmt":"2015-10-02T07:19:15","guid":{"rendered":"http:\/\/dom-orehovica.hr\/web\/?p=720"},"modified":"2018-03-28T06:46:40","modified_gmt":"2018-03-28T04:46:40","slug":"obiljezavanje-medunardonog-dana-starijih-osoba","status":"publish","type":"post","link":"https:\/\/dom-orehovica.hr\/?p=720","title":{"rendered":"Obilje\u017eavanje Me\u0111unardonog dana starijih osoba"},"content":{"rendered":"<p style=\"text-align: justify;\">Prvi dan listopada progla\u0161en je me\u0111unarodnim danom starijih osoba kako bi se naglasila va\u017enost&nbsp;osiguravanja \u017eivotne sredine koja se mo\u017ee prilagoditi potrebama i sposobnostima stanovnika tre\u0107e dobi.<br \/>\nOve godine smo taj dan obilje\u017eili na na\u010din da smo ugostili u\u010denike O\u0160 Orehovica koji su za na\u0161e korinisnike pripremili veselu priredbu&#8230;<\/p>\n<!-- default-view.php -->\n<div\n\tclass=\"ngg-galleryoverview default-view \n\t ngg-ajax-pagination-none\t\"\n\tid=\"ngg-gallery-251ac9b7bf8af454a8a41dadddcc736f-1\">\n\n\t\t<!-- Thumbnails -->\n\t\t\t\t<div id=\"ngg-image-0\" class=\"ngg-gallery-thumbnail-box \n\t\t\t\t\t\t\t\t\t\t\t\" \n\t\t\t>\n\t\t\t\t\t\t<div class=\"ngg-gallery-thumbnail\">\n\t\t\t<a href=\"https:\/\/dom-orehovica.hr\/wp-content\/gallery\/medunarodni-dan-starijih-osoba-2015\/dsc04897.jpg\"\n\t\t\t\ttitle=\"\"\n\t\t\t\tdata-src=\"https:\/\/dom-orehovica.hr\/wp-content\/gallery\/medunarodni-dan-starijih-osoba-2015\/dsc04897.jpg\"\n\t\t\t\tdata-thumbnail=\"https:\/\/dom-orehovica.hr\/wp-content\/gallery\/medunarodni-dan-starijih-osoba-2015\/thumbs\/thumbs_dsc04897.jpg\"\n\t\t\t\tdata-image-id=\"100\"\n\t\t\t\tdata-title=\"dsc04897\"\n\t\t\t\tdata-description=\"\"\n\t\t\t\tdata-image-slug=\"dsc04897\"\n\t\t\t\tclass=\"ngg-fancybox\" rel=\"251ac9b7bf8af454a8a41dadddcc736f\">\n\t\t\t\t<img\n\t\t\t\t\ttitle=\"dsc04897\"\n\t\t\t\t\talt=\"dsc04897\"\n\t\t\t\t\tsrc=\"https:\/\/dom-orehovica.hr\/wp-content\/gallery\/medunarodni-dan-starijih-osoba-2015\/thumbs\/thumbs_dsc04897.jpg\"\n\t\t\t\t\twidth=\"240\"\n\t\t\t\t\theight=\"160\"\n\t\t\t\t\tstyle=\"max-width:100%;\"\n\t\t\t\t\/>\n\t\t\t<\/a>\n\t\t<\/div>\n\t\t\t\t\t\t\t<\/div> \n\t\t\t\n\t\t\t\t<div id=\"ngg-image-1\" class=\"ngg-gallery-thumbnail-box \n\t\t\t\t\t\t\t\t\t\t\t\" \n\t\t\t>\n\t\t\t\t\t\t<div class=\"ngg-gallery-thumbnail\">\n\t\t\t<a href=\"https:\/\/dom-orehovica.hr\/wp-content\/gallery\/medunarodni-dan-starijih-osoba-2015\/dsc04905.jpg\"\n\t\t\t\ttitle=\"\"\n\t\t\t\tdata-src=\"https:\/\/dom-orehovica.hr\/wp-content\/gallery\/medunarodni-dan-starijih-osoba-2015\/dsc04905.jpg\"\n\t\t\t\tdata-thumbnail=\"https:\/\/dom-orehovica.hr\/wp-content\/gallery\/medunarodni-dan-starijih-osoba-2015\/thumbs\/thumbs_dsc04905.jpg\"\n\t\t\t\tdata-image-id=\"101\"\n\t\t\t\tdata-title=\"dsc04905\"\n\t\t\t\tdata-description=\"\"\n\t\t\t\tdata-image-slug=\"dsc04905\"\n\t\t\t\tclass=\"ngg-fancybox\" rel=\"251ac9b7bf8af454a8a41dadddcc736f\">\n\t\t\t\t<img\n\t\t\t\t\ttitle=\"dsc04905\"\n\t\t\t\t\talt=\"dsc04905\"\n\t\t\t\t\tsrc=\"https:\/\/dom-orehovica.hr\/wp-content\/gallery\/medunarodni-dan-starijih-osoba-2015\/thumbs\/thumbs_dsc04905.jpg\"\n\t\t\t\t\twidth=\"240\"\n\t\t\t\t\theight=\"160\"\n\t\t\t\t\tstyle=\"max-width:100%;\"\n\t\t\t\t\/>\n\t\t\t<\/a>\n\t\t<\/div>\n\t\t\t\t\t\t\t<\/div> \n\t\t\t\n\t\t\t\t<div id=\"ngg-image-2\" class=\"ngg-gallery-thumbnail-box \n\t\t\t\t\t\t\t\t\t\t\t\" \n\t\t\t>\n\t\t\t\t\t\t<div class=\"ngg-gallery-thumbnail\">\n\t\t\t<a href=\"https:\/\/dom-orehovica.hr\/wp-content\/gallery\/medunarodni-dan-starijih-osoba-2015\/dsc04911.jpg\"\n\t\t\t\ttitle=\"\"\n\t\t\t\tdata-src=\"https:\/\/dom-orehovica.hr\/wp-content\/gallery\/medunarodni-dan-starijih-osoba-2015\/dsc04911.jpg\"\n\t\t\t\tdata-thumbnail=\"https:\/\/dom-orehovica.hr\/wp-content\/gallery\/medunarodni-dan-starijih-osoba-2015\/thumbs\/thumbs_dsc04911.jpg\"\n\t\t\t\tdata-image-id=\"102\"\n\t\t\t\tdata-title=\"dsc04911\"\n\t\t\t\tdata-description=\"\"\n\t\t\t\tdata-image-slug=\"dsc04911\"\n\t\t\t\tclass=\"ngg-fancybox\" rel=\"251ac9b7bf8af454a8a41dadddcc736f\">\n\t\t\t\t<img\n\t\t\t\t\ttitle=\"dsc04911\"\n\t\t\t\t\talt=\"dsc04911\"\n\t\t\t\t\tsrc=\"https:\/\/dom-orehovica.hr\/wp-content\/gallery\/medunarodni-dan-starijih-osoba-2015\/thumbs\/thumbs_dsc04911.jpg\"\n\t\t\t\t\twidth=\"240\"\n\t\t\t\t\theight=\"160\"\n\t\t\t\t\tstyle=\"max-width:100%;\"\n\t\t\t\t\/>\n\t\t\t<\/a>\n\t\t<\/div>\n\t\t\t\t\t\t\t<\/div> \n\t\t\t\n\t\t\t\t<div id=\"ngg-image-3\" class=\"ngg-gallery-thumbnail-box \n\t\t\t\t\t\t\t\t\t\t\t\" \n\t\t\t>\n\t\t\t\t\t\t<div class=\"ngg-gallery-thumbnail\">\n\t\t\t<a href=\"https:\/\/dom-orehovica.hr\/wp-content\/gallery\/medunarodni-dan-starijih-osoba-2015\/dsc04916.jpg\"\n\t\t\t\ttitle=\"\"\n\t\t\t\tdata-src=\"https:\/\/dom-orehovica.hr\/wp-content\/gallery\/medunarodni-dan-starijih-osoba-2015\/dsc04916.jpg\"\n\t\t\t\tdata-thumbnail=\"https:\/\/dom-orehovica.hr\/wp-content\/gallery\/medunarodni-dan-starijih-osoba-2015\/thumbs\/thumbs_dsc04916.jpg\"\n\t\t\t\tdata-image-id=\"103\"\n\t\t\t\tdata-title=\"dsc04916\"\n\t\t\t\tdata-description=\"\"\n\t\t\t\tdata-image-slug=\"dsc04916\"\n\t\t\t\tclass=\"ngg-fancybox\" rel=\"251ac9b7bf8af454a8a41dadddcc736f\">\n\t\t\t\t<img\n\t\t\t\t\ttitle=\"dsc04916\"\n\t\t\t\t\talt=\"dsc04916\"\n\t\t\t\t\tsrc=\"https:\/\/dom-orehovica.hr\/wp-content\/gallery\/medunarodni-dan-starijih-osoba-2015\/thumbs\/thumbs_dsc04916.jpg\"\n\t\t\t\t\twidth=\"240\"\n\t\t\t\t\theight=\"160\"\n\t\t\t\t\tstyle=\"max-width:100%;\"\n\t\t\t\t\/>\n\t\t\t<\/a>\n\t\t<\/div>\n\t\t\t\t\t\t\t<\/div> \n\t\t\t\n\t\t\t\t<div id=\"ngg-image-4\" class=\"ngg-gallery-thumbnail-box \n\t\t\t\t\t\t\t\t\t\t\t\" \n\t\t\t>\n\t\t\t\t\t\t<div class=\"ngg-gallery-thumbnail\">\n\t\t\t<a href=\"https:\/\/dom-orehovica.hr\/wp-content\/gallery\/medunarodni-dan-starijih-osoba-2015\/dsc04920.jpg\"\n\t\t\t\ttitle=\"\"\n\t\t\t\tdata-src=\"https:\/\/dom-orehovica.hr\/wp-content\/gallery\/medunarodni-dan-starijih-osoba-2015\/dsc04920.jpg\"\n\t\t\t\tdata-thumbnail=\"https:\/\/dom-orehovica.hr\/wp-content\/gallery\/medunarodni-dan-starijih-osoba-2015\/thumbs\/thumbs_dsc04920.jpg\"\n\t\t\t\tdata-image-id=\"104\"\n\t\t\t\tdata-title=\"dsc04920\"\n\t\t\t\tdata-description=\"\"\n\t\t\t\tdata-image-slug=\"dsc04920\"\n\t\t\t\tclass=\"ngg-fancybox\" rel=\"251ac9b7bf8af454a8a41dadddcc736f\">\n\t\t\t\t<img\n\t\t\t\t\ttitle=\"dsc04920\"\n\t\t\t\t\talt=\"dsc04920\"\n\t\t\t\t\tsrc=\"https:\/\/dom-orehovica.hr\/wp-content\/gallery\/medunarodni-dan-starijih-osoba-2015\/thumbs\/thumbs_dsc04920.jpg\"\n\t\t\t\t\twidth=\"240\"\n\t\t\t\t\theight=\"160\"\n\t\t\t\t\tstyle=\"max-width:100%;\"\n\t\t\t\t\/>\n\t\t\t<\/a>\n\t\t<\/div>\n\t\t\t\t\t\t\t<\/div> \n\t\t\t\n\t\n\t<br style=\"clear: both\" \/>\n\n\t\n\t\t<!-- Pagination -->\n\t\t<div class='ngg-clear'><\/div>\t<\/div>\n\n","protected":false},"excerpt":{"rendered":"<p>Prvi dan listopada progla\u0161en je me\u0111unarodnim danom starijih osoba kako bi se naglasila va\u017enost&nbsp;osiguravanja \u017eivotne sredine koja se mo\u017ee prilagoditi potrebama i sposobnostima stanovnika tre\u0107e dobi. Ove godine smo taj dan obilje\u017eili na na\u010din da smo ugostili u\u010denike O\u0160 Orehovica koji su za na\u0161e korinisnike pripremili veselu priredbu&#8230; &#8221; order_by=&#8221;sortorder&#8221; order_direction=&#8221;ASC&#8221; returns=&#8221;included&#8221; maximum_entity_count=&#8221;500&#8243;]<\/p>\n","protected":false},"author":3,"featured_media":0,"comment_status":"closed","ping_status":"open","sticky":false,"template":"","format":"standard","meta":{"ngg_post_thumbnail":0,"footnotes":""},"categories":[10],"tags":[],"_links":{"self":[{"href":"https:\/\/dom-orehovica.hr\/index.php?rest_route=\/wp\/v2\/posts\/720"}],"collection":[{"href":"https:\/\/dom-orehovica.hr\/index.php?rest_route=\/wp\/v2\/posts"}],"about":[{"href":"https:\/\/dom-orehovica.hr\/index.php?rest_route=\/wp\/v2\/types\/post"}],"author":[{"embeddable":true,"href":"https:\/\/dom-orehovica.hr\/index.php?rest_route=\/wp\/v2\/users\/3"}],"replies":[{"embeddable":true,"href":"https:\/\/dom-orehovica.hr\/index.php?rest_route=%2Fwp%2Fv2%2Fcomments&post=720"}],"version-history":[{"count":1,"href":"https:\/\/dom-orehovica.hr\/index.php?rest_route=\/wp\/v2\/posts\/720\/revisions"}],"predecessor-version":[{"id":1748,"href":"https:\/\/dom-orehovica.hr\/index.php?rest_route=\/wp\/v2\/posts\/720\/revisions\/1748"}],"wp:attachment":[{"href":"https:\/\/dom-orehovica.hr\/index.php?rest_route=%2Fwp%2Fv2%2Fmedia&parent=720"}],"wp:term":[{"taxonomy":"category","embeddable":true,"href":"https:\/\/dom-orehovica.hr\/index.php?rest_route=%2Fwp%2Fv2%2Fcategories&post=720"},{"taxonomy":"post_tag","embeddable":true,"href":"https:\/\/dom-orehovica.hr\/index.php?rest_route=%2Fwp%2Fv2%2Ftags&post=720"}],"curies":[{"name":"wp","href":"https:\/\/api.w.org\/{rel}","templated":true}]}}