{"id":704,"date":"2015-07-09T11:31:52","date_gmt":"2015-07-09T10:31:52","guid":{"rendered":"http:\/\/dom-orehovica.hr\/web\/?p=704"},"modified":"2018-03-28T06:41:59","modified_gmt":"2018-03-28T04:41:59","slug":"obavijest","status":"publish","type":"post","link":"https:\/\/dom-orehovica.hr\/?p=704","title":{"rendered":"OBAVIJEST"},"content":{"rendered":"<p>DOM ZA ODRASLE OSOBE OREHOVICA<br \/>\nAugusta \u0160enoe 2<br \/>\n40322 Orehovica<\/p>\n<p style=\"text-align: left;\">Orehovica, 6. 7. 2015.<br \/>\nUr. br. 1232 \/ 1<\/p>\n<p style=\"text-align: center;\">OBAVIJEST<\/p>\n<p style=\"text-align: left;\">Po\u0161tovani,<\/p>\n<p style=\"text-align: left;\">Izvje\u0161\u0107ujemo Vas da je ustanova socijalne skrbi koja je do sada djelovala pod nazivom: Dom za psihi\u010dki bolesne odrasle osobe Orehovica promijenila naziv, te od 3. 7. 2015. godine djeluje pod nazivom:<\/p>\n<p style=\"text-align: center;\"><strong>Dom za odrasle osobe Orehovica<\/strong><\/p>\n<p>&nbsp;<\/p>\n<p>Adresa i ostali podaci ostaju isti:<\/p>\n<p>Adresa: 40322 Orehovica, A. \u0160enoe 2<br \/>\nOIB: 67610036162<br \/>\nTel: &nbsp;040\/635-305 centrala<br \/>\n040\/635-205 ravnatelj<br \/>\n040\/635-405 ra\u010dunovodstvo<br \/>\nFax: 040\/635-242<\/p>\n<p>IBAN: HR7223900011100024844<\/p>\n<p>S po\u0161tovanjem!<\/p>\n<p style=\"text-align: right;\">v. d. ravnateljica:<br \/>\nEmilija Musta\u010d,<br \/>\nsoc. radnik<\/p>\n<p style=\"text-align: left;\"><a href=\"http:\/\/dom-orehovica.hr\/wp-content\/uploads\/2015\/07\/Rjesenje-Trgovackog-suda.pdf\">Rje\u0161enje Trgova\u010dkog suda<\/a><\/p>\n<p style=\"text-align: left;\"><a href=\"http:\/\/dom-orehovica.hr\/wp-content\/uploads\/2015\/07\/Odluka-o-davanju-suglasnosti-na-Statut.pdf\">Odluka o davanju suglasnosti na Statut&nbsp;<\/a><\/p>\n<p style=\"text-align: left;\"><a href=\"http:\/\/dom-orehovica.hr\/wp-content\/uploads\/2015\/07\/Odluka-o-promjeni-naziva.pdf\">Odluka o promjeni naziva<\/a><\/p>\n","protected":false},"excerpt":{"rendered":"<p>DOM ZA ODRASLE OSOBE OREHOVICA Augusta \u0160enoe 2 40322 Orehovica Orehovica, 6. 7. 2015. Ur. br. 1232 \/ 1 OBAVIJEST Po\u0161tovani, Izvje\u0161\u0107ujemo Vas da je ustanova socijalne skrbi koja je do sada djelovala pod nazivom: Dom za psihi\u010dki bolesne odrasle osobe Orehovica promijenila naziv, te od 3. 7. 2015. godine djeluje pod nazivom: Dom za&hellip;<\/p>\n","protected":false},"author":3,"featured_media":0,"comment_status":"closed","ping_status":"open","sticky":false,"template":"","format":"standard","meta":{"ngg_post_thumbnail":0,"footnotes":""},"categories":[9],"tags":[],"_links":{"self":[{"href":"https:\/\/dom-orehovica.hr\/index.php?rest_route=\/wp\/v2\/posts\/704"}],"collection":[{"href":"https:\/\/dom-orehovica.hr\/index.php?rest_route=\/wp\/v2\/posts"}],"about":[{"href":"https:\/\/dom-orehovica.hr\/index.php?rest_route=\/wp\/v2\/types\/post"}],"author":[{"embeddable":true,"href":"https:\/\/dom-orehovica.hr\/index.php?rest_route=\/wp\/v2\/users\/3"}],"replies":[{"embeddable":true,"href":"https:\/\/dom-orehovica.hr\/index.php?rest_route=%2Fwp%2Fv2%2Fcomments&post=704"}],"version-history":[{"count":2,"href":"https:\/\/dom-orehovica.hr\/index.php?rest_route=\/wp\/v2\/posts\/704\/revisions"}],"predecessor-version":[{"id":3101,"href":"https:\/\/dom-orehovica.hr\/index.php?rest_route=\/wp\/v2\/posts\/704\/revisions\/3101"}],"wp:attachment":[{"href":"https:\/\/dom-orehovica.hr\/index.php?rest_route=%2Fwp%2Fv2%2Fmedia&parent=704"}],"wp:term":[{"taxonomy":"category","embeddable":true,"href":"https:\/\/dom-orehovica.hr\/index.php?rest_route=%2Fwp%2Fv2%2Fcategories&post=704"},{"taxonomy":"post_tag","embeddable":true,"href":"https:\/\/dom-orehovica.hr\/index.php?rest_route=%2Fwp%2Fv2%2Ftags&post=704"}],"curies":[{"name":"wp","href":"https:\/\/api.w.org\/{rel}","templated":true}]}}