{"id":648,"date":"2015-04-07T07:53:47","date_gmt":"2015-04-07T06:53:47","guid":{"rendered":"http:\/\/dom-orehovica.hr\/web\/?p=648"},"modified":"2018-03-28T06:42:19","modified_gmt":"2018-03-28T04:42:19","slug":"natjecaj-za-izbor-i-imenovanje-ravnateljaice-3","status":"publish","type":"post","link":"https:\/\/dom-orehovica.hr\/?p=648","title":{"rendered":"Natje\u010daj za izbor i imenovanje ravnatelja\/ice"},"content":{"rendered":"<p>Na temelju&nbsp; \u010dlanka 40. i 41.&nbsp; Zakona o ustanovama (\u00abNarodne novine\u00bb br. 76\/93., 29\/97., 47\/99. i 35\/08.),&nbsp; \u010dlanaka 153., 154. i 155. &nbsp;Zakona o socijalnoj skrbi (\u00abNarodne novine\u00bb broj 157\/13. i 152\/14.)&nbsp; i \u010dlanka 38. Statuta Doma za psihi\u010dki bolesne odrasle osobe Orehovica, Upravno vije\u0107e Doma na temelju svoje Odluke od 02. 04. 2015. godine,&nbsp; raspisuje<\/p>\n<p>&nbsp;<\/p>\n<p>&nbsp;<\/p>\n<p align=\"center\"><strong>N&nbsp; A&nbsp; T&nbsp; J&nbsp; E&nbsp; \u010c&nbsp; A&nbsp; J<\/strong><\/p>\n<p align=\"center\"><strong>&nbsp;<\/strong><\/p>\n<p align=\"center\"><strong>za izbor i imenovanje ravnatelja\/ice<\/strong><\/p>\n<p align=\"center\"><strong>&nbsp;&nbsp; Doma za psihi\u010dki bolesne odrasle osobe Orehovica<\/strong><\/p>\n<p>&nbsp;<\/p>\n<p>&nbsp;<\/p>\n<p>Uvjeti:<\/p>\n<p>&#8211;&nbsp;&nbsp;&nbsp;&nbsp;&nbsp;&nbsp;&nbsp;&nbsp;&nbsp; zavr\u0161en preddiplomski i diplomski sveu\u010dili\u0161ni studij ili integrirani preddiplomski i diplomski sveu\u010dili\u0161ni studij socijalnog rada, socijalne politike, prava, psihologije, sociologije, socijalne pedagogije, edukacijske rehabilitacije, logopedije, pedagogije, medicinskih, humanisti\u010dkih ili drugih dru\u0161tvenih znanosti<\/p>\n<p>&#8211;&nbsp;&nbsp;&nbsp;&nbsp;&nbsp;&nbsp;&nbsp;&nbsp;&nbsp; najmanje pet godina radnog sta\u017ea u propisanom akademskom zvanju i akademskom stupnju, od toga najmanje tri godine u djelatnosti socijalne skrbi ili u drugoj dru\u0161tvenoj djelatnosti u propisanom akademskom zvanju i akademskom stupnju<\/p>\n<p>&#8211;&nbsp;&nbsp;&nbsp;&nbsp;&nbsp;&nbsp;&nbsp;&nbsp;&nbsp; da ne postoji zapreka iz \u010dlanka 213. stavka 1. Zakona o socijalnoj skrbi (\u201eNN\u201c br. 157\/13. i 152\/14.)<\/p>\n<p>Iznimno, ako se na javni natje\u010daj nije javio nijedan kandidat koji ispunjava navedene uvjete za ravnatelja doma socijalne skrbi mo\u017ee biti imenovana osoba koja ima zavr\u0161en odgovaraju\u0107i preddiplomski studij:<\/p>\n<p>&#8211;&nbsp;&nbsp;&nbsp;&nbsp;&nbsp;&nbsp;&nbsp;&nbsp;&nbsp; socijalnog rada, socijalne politike, prava, psihologije, sociologije, socijalne pedagogije, edukacijske rehabilitacije, logopedije, pedagogije, medicinskih, humanisti\u010dkih ili drugih dru\u0161tvenih znanosti<\/p>\n<p>&#8211;&nbsp;&nbsp;&nbsp;&nbsp;&nbsp;&nbsp;&nbsp;&nbsp;&nbsp; najmanje pet godina radnog sta\u017ea u propisanom akademskom zvanju i akademskom stupnju, od toga najmanje tri godine u djelatnosti socijalne skrbi ili u drugoj dru\u0161tvenoj djelatnosti u propisanom akademskom zvanju i akademskom stupnju<\/p>\n<p>&#8211;&nbsp;&nbsp;&nbsp;&nbsp;&nbsp;&nbsp;&nbsp;&nbsp;&nbsp; da ne postoji zapreka iz \u010dlanka 213. stavka 1. Zakona o socijalnoj skrbi (\u201eNN\u201c br. 157\/13. i 152\/14.)<\/p>\n<p>Ravnatelja imenuje Upravno vije\u0107e Doma na temelju javnog natje\u010daja uz prethodnu&nbsp;&nbsp; suglasnost ministra nadle\u017enog za poslove socijalne skrbi. Mandat traje \u010detiri godine,&nbsp; a ista osoba mo\u017ee biti ponovno imenovana za ravnatelja.<\/p>\n<p>Upravno vije\u0107e Doma \u0107e s izabranim kandidatom za radno mjesto ravnatelja, nakon dono\u0161enja odluke o imenovanju, sklopiti ugovor o radu na odre\u0111eno vrijeme od \u010detiri godine.<\/p>\n<p>&nbsp;<\/p>\n<p>Uz prijavu na natje\u010daj kandidati trebaju&nbsp; prilo\u017eiti u izvorniku ili ovjerenoj preslici:<\/p>\n<p>&#8211;&nbsp;&nbsp;&nbsp;&nbsp;&nbsp;&nbsp;&nbsp;&nbsp;&nbsp; diplomu o stru\u010dnoj spremi,<\/p>\n<p>&#8211;&nbsp;&nbsp;&nbsp;&nbsp;&nbsp;&nbsp;&nbsp;&nbsp;&nbsp; potvrdu o radnom sta\u017eu (potvrda o podacima evidentiranim u mati\u010dnoj evidenciji) Hrvatskog zavoda za mirovinsko osiguranje,<\/p>\n<p>&#8211;&nbsp;&nbsp;&nbsp;&nbsp;&nbsp;&nbsp;&nbsp;&nbsp;&nbsp; domovnicu,<\/p>\n<p>&#8211;&nbsp;&nbsp;&nbsp;&nbsp;&nbsp;&nbsp;&nbsp;&nbsp;&nbsp; potvrdu o prebivali\u0161tu odnosno dokaz o trajnom nastanjenju u Republici Hrvatskoj,<\/p>\n<p>&#8211;&nbsp;&nbsp;&nbsp;&nbsp;&nbsp;&nbsp;&nbsp;&nbsp;&nbsp; uvjerenje o neka\u017enjavanju i da nije pokrenut kazneni postupak, ne starije od mjesec dana,<\/p>\n<p>&#8211;&nbsp;&nbsp;&nbsp;&nbsp;&nbsp;&nbsp;&nbsp;&nbsp;&nbsp; \u017eivotopis.<\/p>\n<p>&nbsp;<\/p>\n<p>Prijave s potrebnom dokumentacijom o ispunjavanju uvjeta iz natje\u010daja podnose se na adresu: <strong>Upravno vije\u0107e Doma&nbsp; za psihi\u010dki bolesne odrasle osobe Orehovica, A. \u0160enoe 2, 40322 Orehovica, s naznakom \u00abNatje\u010daj za ravnatelja \u2013 ne otvarati\u00bb,&nbsp; u roku od 8 dana od dana objave&nbsp; natje\u010daja.&nbsp;<\/strong><\/p>\n<p>&nbsp;<\/p>\n<p>Kandidati \u0107e biti pismeno obavije\u0161teni o rezultatima natje\u010daja u zakonskom roku.<\/p>\n<p>Nepotpune i nepravovremene prijave ne\u0107e se razmatrati.<\/p>\n<p>&nbsp;<\/p>\n<p style=\"text-align: right;\">&nbsp;<span style=\"text-align: right;\">&nbsp; &nbsp; &nbsp; &nbsp; &nbsp; &nbsp; &nbsp; &nbsp; &nbsp; &nbsp; &nbsp; &nbsp; &nbsp; &nbsp; &nbsp; &nbsp; &nbsp; &nbsp; &nbsp; &nbsp;DOM ZA PSIHI\u010cKI BOLESNE ODRASLE OSOBE OREHOVICA&nbsp;<\/span><\/p>\n","protected":false},"excerpt":{"rendered":"<p>Na temelju&nbsp; \u010dlanka 40. i 41.&nbsp; Zakona o ustanovama (\u00abNarodne novine\u00bb br. 76\/93., 29\/97., 47\/99. i 35\/08.),&nbsp; \u010dlanaka 153., 154. i 155. &nbsp;Zakona o socijalnoj skrbi (\u00abNarodne novine\u00bb broj 157\/13. i 152\/14.)&nbsp; i \u010dlanka 38. Statuta Doma za psihi\u010dki bolesne odrasle osobe Orehovica, Upravno vije\u0107e Doma na temelju svoje Odluke od 02. 04. 2015. godine,&nbsp;&hellip;<\/p>\n","protected":false},"author":3,"featured_media":0,"comment_status":"closed","ping_status":"open","sticky":false,"template":"","format":"standard","meta":{"ngg_post_thumbnail":0,"footnotes":""},"categories":[9],"tags":[],"_links":{"self":[{"href":"https:\/\/dom-orehovica.hr\/index.php?rest_route=\/wp\/v2\/posts\/648"}],"collection":[{"href":"https:\/\/dom-orehovica.hr\/index.php?rest_route=\/wp\/v2\/posts"}],"about":[{"href":"https:\/\/dom-orehovica.hr\/index.php?rest_route=\/wp\/v2\/types\/post"}],"author":[{"embeddable":true,"href":"https:\/\/dom-orehovica.hr\/index.php?rest_route=\/wp\/v2\/users\/3"}],"replies":[{"embeddable":true,"href":"https:\/\/dom-orehovica.hr\/index.php?rest_route=%2Fwp%2Fv2%2Fcomments&post=648"}],"version-history":[{"count":1,"href":"https:\/\/dom-orehovica.hr\/index.php?rest_route=\/wp\/v2\/posts\/648\/revisions"}],"predecessor-version":[{"id":1795,"href":"https:\/\/dom-orehovica.hr\/index.php?rest_route=\/wp\/v2\/posts\/648\/revisions\/1795"}],"wp:attachment":[{"href":"https:\/\/dom-orehovica.hr\/index.php?rest_route=%2Fwp%2Fv2%2Fmedia&parent=648"}],"wp:term":[{"taxonomy":"category","embeddable":true,"href":"https:\/\/dom-orehovica.hr\/index.php?rest_route=%2Fwp%2Fv2%2Fcategories&post=648"},{"taxonomy":"post_tag","embeddable":true,"href":"https:\/\/dom-orehovica.hr\/index.php?rest_route=%2Fwp%2Fv2%2Ftags&post=648"}],"curies":[{"name":"wp","href":"https:\/\/api.w.org\/{rel}","templated":true}]}}