{"id":576,"date":"2014-09-18T11:18:39","date_gmt":"2014-09-18T10:18:39","guid":{"rendered":"http:\/\/dom-orehovica.hr\/web\/?p=576"},"modified":"2018-03-28T06:42:25","modified_gmt":"2018-03-28T04:42:25","slug":"natjecaj-za-radno-mjesto-pomocni-kuhar","status":"publish","type":"post","link":"https:\/\/dom-orehovica.hr\/?p=576","title":{"rendered":"Natje\u010daj za radno mjesto- POMO\u0106NI KUHAR"},"content":{"rendered":"<p><strong><em>DOM ZA PSIHI\u010cKI&nbsp; BOLESNE <\/em><\/strong><strong style=\"font-size: 13px;\"><em>ODRASLE OSOBE OREHOVICA &nbsp;<\/em><\/strong><\/p>\n<p><strong style=\"font-size: 13px;\"><em>A. \u0160ENOE 2 &nbsp; &nbsp; &nbsp; &nbsp; &nbsp; &nbsp; &nbsp; &nbsp; &nbsp; &nbsp; &nbsp; &nbsp; &nbsp; &nbsp; &nbsp; &nbsp; &nbsp; &nbsp; &nbsp; &nbsp; &nbsp;&nbsp;<\/em><\/strong><\/p>\n<p><strong><em>40322 OREHOVICA<\/em><\/strong><\/p>\n<p><strong><em>&nbsp;<\/em><\/strong><\/p>\n<p><strong><em>tel. 040\/635-305,&nbsp;&nbsp;&nbsp; fax&nbsp; 040\/635-405,&nbsp;&nbsp; ravnatelj&nbsp;&nbsp; 040\/635-205<\/em><\/strong><\/p>\n<p><strong style=\"font-size: 13px;\"><em>Ur. broj: 1591 \/14.<\/em><\/strong><\/p>\n<p><strong><em>Orehovica, 11. rujna&nbsp; 2014. <\/em><\/strong><\/p>\n<p><strong><em>&nbsp;<\/em><\/strong><\/p>\n<p><strong><em>Na temelju \u010dlanka 14. Kolektivnog ugovora za djelatnost socijalne skrbi, Dom za psihi\u010dki bolesne odrasle osobe Orehovica, A. \u0160enoe 2, 40322 Orehovica, raspisuje <\/em><\/strong><\/p>\n<p><strong><em>NATJE\u010cAJ <\/em><\/strong><\/p>\n<p><strong><em>za zasnivanje radnog odnosa na radnom mjestu&nbsp; POMO\u0106NOG KUHARA (m\/\u017e), na odre\u0111eno vrijeme&nbsp; u trajanju od 6 (\u0161est) mjeseci, &nbsp;jedan &nbsp;izvr\u0161itelj.<\/em><\/strong><\/p>\n<p><strong><em>Uvjeti:<\/em><\/strong><\/p>\n<p>&#8211;&nbsp;&nbsp;&nbsp;&nbsp;&nbsp;&nbsp;&nbsp;&nbsp;&nbsp; <strong><em>zavr\u0161ena osnovna \u0161kola <\/em><\/strong><\/p>\n<p>&#8211;&nbsp;&nbsp;&nbsp;&nbsp;&nbsp;&nbsp;&nbsp;&nbsp;&nbsp; <strong><em>zavr\u0161eno osposobljavanje za pomo\u0107nog kuhara<\/em><\/strong><\/p>\n<p>&#8211;&nbsp;&nbsp;&nbsp;&nbsp;&nbsp;&nbsp;&nbsp;&nbsp;&nbsp; <strong><em>jedna godina radnog iskustva<\/em><\/strong><\/p>\n<p>&#8211;&nbsp;&nbsp;&nbsp;&nbsp;&nbsp;&nbsp;&nbsp;&nbsp;&nbsp; <strong><em>domovnica. <\/em><\/strong><\/p>\n<p><strong><em>Natje\u010daj je otvoren 8 (osam) dana od objave u \u201eNarodnim novinama\u201c br. 110 od 17. 09. 2014., a o rezultatima natje\u010daja kandidati \u0107e biti obavije\u0161teni u zakonskom roku. <\/em><\/strong><\/p>\n<p><strong><em>&nbsp;<\/em><\/strong><\/p>\n<p>&nbsp;<\/p>\n","protected":false},"excerpt":{"rendered":"<p>DOM ZA PSIHI\u010cKI&nbsp; BOLESNE ODRASLE OSOBE OREHOVICA &nbsp; A. \u0160ENOE 2 &nbsp; &nbsp; &nbsp; &nbsp; &nbsp; &nbsp; &nbsp; &nbsp; &nbsp; &nbsp; &nbsp; &nbsp; &nbsp; &nbsp; &nbsp; &nbsp; &nbsp; &nbsp; &nbsp; &nbsp; &nbsp;&nbsp; 40322 OREHOVICA &nbsp; tel. 040\/635-305,&nbsp;&nbsp;&nbsp; fax&nbsp; 040\/635-405,&nbsp;&nbsp; ravnatelj&nbsp;&nbsp; 040\/635-205 Ur. broj: 1591 \/14. Orehovica, 11. rujna&nbsp; 2014. &nbsp; Na temelju \u010dlanka 14. Kolektivnog&hellip;<\/p>\n","protected":false},"author":3,"featured_media":0,"comment_status":"closed","ping_status":"open","sticky":false,"template":"","format":"standard","meta":{"ngg_post_thumbnail":0,"footnotes":""},"categories":[9],"tags":[],"_links":{"self":[{"href":"https:\/\/dom-orehovica.hr\/index.php?rest_route=\/wp\/v2\/posts\/576"}],"collection":[{"href":"https:\/\/dom-orehovica.hr\/index.php?rest_route=\/wp\/v2\/posts"}],"about":[{"href":"https:\/\/dom-orehovica.hr\/index.php?rest_route=\/wp\/v2\/types\/post"}],"author":[{"embeddable":true,"href":"https:\/\/dom-orehovica.hr\/index.php?rest_route=\/wp\/v2\/users\/3"}],"replies":[{"embeddable":true,"href":"https:\/\/dom-orehovica.hr\/index.php?rest_route=%2Fwp%2Fv2%2Fcomments&post=576"}],"version-history":[{"count":1,"href":"https:\/\/dom-orehovica.hr\/index.php?rest_route=\/wp\/v2\/posts\/576\/revisions"}],"predecessor-version":[{"id":1796,"href":"https:\/\/dom-orehovica.hr\/index.php?rest_route=\/wp\/v2\/posts\/576\/revisions\/1796"}],"wp:attachment":[{"href":"https:\/\/dom-orehovica.hr\/index.php?rest_route=%2Fwp%2Fv2%2Fmedia&parent=576"}],"wp:term":[{"taxonomy":"category","embeddable":true,"href":"https:\/\/dom-orehovica.hr\/index.php?rest_route=%2Fwp%2Fv2%2Fcategories&post=576"},{"taxonomy":"post_tag","embeddable":true,"href":"https:\/\/dom-orehovica.hr\/index.php?rest_route=%2Fwp%2Fv2%2Ftags&post=576"}],"curies":[{"name":"wp","href":"https:\/\/api.w.org\/{rel}","templated":true}]}}