{"id":570,"date":"2014-06-24T07:35:42","date_gmt":"2014-06-24T06:35:42","guid":{"rendered":"http:\/\/dom-orehovica.hr\/web\/?p=570"},"modified":"2018-03-28T06:46:46","modified_gmt":"2018-03-28T04:46:46","slug":"domosong-sveti-ivan-zelina-2014","status":"publish","type":"post","link":"https:\/\/dom-orehovica.hr\/?p=570","title":{"rendered":"Domosong Sveti Ivan Zelina, 2014."},"content":{"rendered":"<p>DOMOSONG U SVETOM IVANU ZELINI<\/p>\n<p style=\"text-align: justify;\">Natjecanje u pjevanju izme\u0111u korisnika Domova za psihi\u010dki bolesne odrasle osobe Domosong i ove se godine odr\u017eavao u Domu \u010diji su predstavnici pobijedili na natjecanju prethodne godine. Dana 21.05. 2014. godine odr\u017eavao se 13. Domosong \u010diji je organizator bio Dom za psihi\u010dki bolesne odrasle osobe Skupnjak iz Svetog&nbsp; Ivana Zeline.&nbsp; Na\u0161u je ustanovu predstavljala korisnica Vesna Petanjek sa pjesmom&nbsp; &#8221;\u0160to sam ja, \u0161to si ti&#8221; i bila vrlo uspje\u0161na u izvedbi iste te joj ovim putem \u010destitamo na uspjehu!<\/p>\n<!-- default-view.php -->\n<div\n\tclass=\"ngg-galleryoverview default-view \n\t ngg-ajax-pagination-none\t\"\n\tid=\"ngg-gallery-b44b9002758b7a00600ced21bf7bb001-1\">\n\n\t\t<!-- Thumbnails -->\n\t\t\t\t<div id=\"ngg-image-0\" class=\"ngg-gallery-thumbnail-box \n\t\t\t\t\t\t\t\t\t\t\t\" \n\t\t\t>\n\t\t\t\t\t\t<div class=\"ngg-gallery-thumbnail\">\n\t\t\t<a href=\"https:\/\/dom-orehovica.hr\/wp-content\/gallery\/domosong-sv-ivan-zelina\/dsc04500.jpg\"\n\t\t\t\ttitle=\"\"\n\t\t\t\tdata-src=\"https:\/\/dom-orehovica.hr\/wp-content\/gallery\/domosong-sv-ivan-zelina\/dsc04500.jpg\"\n\t\t\t\tdata-thumbnail=\"https:\/\/dom-orehovica.hr\/wp-content\/gallery\/domosong-sv-ivan-zelina\/thumbs\/thumbs_dsc04500.jpg\"\n\t\t\t\tdata-image-id=\"99\"\n\t\t\t\tdata-title=\"dsc04500\"\n\t\t\t\tdata-description=\"\"\n\t\t\t\tdata-image-slug=\"dsc04500\"\n\t\t\t\tclass=\"ngg-fancybox\" rel=\"b44b9002758b7a00600ced21bf7bb001\">\n\t\t\t\t<img\n\t\t\t\t\ttitle=\"dsc04500\"\n\t\t\t\t\talt=\"dsc04500\"\n\t\t\t\t\tsrc=\"https:\/\/dom-orehovica.hr\/wp-content\/gallery\/domosong-sv-ivan-zelina\/thumbs\/thumbs_dsc04500.jpg\"\n\t\t\t\t\twidth=\"240\"\n\t\t\t\t\theight=\"160\"\n\t\t\t\t\tstyle=\"max-width:100%;\"\n\t\t\t\t\/>\n\t\t\t<\/a>\n\t\t<\/div>\n\t\t\t\t\t\t\t<\/div> \n\t\t\t\n\t\n\t<br style=\"clear: both\" \/>\n\n\t\n\t\t<!-- Pagination -->\n\t\t<div class='ngg-clear'><\/div>\t<\/div>\n\n","protected":false},"excerpt":{"rendered":"<p>DOMOSONG U SVETOM IVANU ZELINI Natjecanje u pjevanju izme\u0111u korisnika Domova za psihi\u010dki bolesne odrasle osobe Domosong i ove se godine odr\u017eavao u Domu \u010diji su predstavnici pobijedili na natjecanju prethodne godine. Dana 21.05. 2014. godine odr\u017eavao se 13. Domosong \u010diji je organizator bio Dom za psihi\u010dki bolesne odrasle osobe Skupnjak iz Svetog&nbsp; Ivana Zeline.&nbsp;&hellip;<\/p>\n","protected":false},"author":3,"featured_media":0,"comment_status":"closed","ping_status":"open","sticky":false,"template":"","format":"standard","meta":{"ngg_post_thumbnail":0,"footnotes":""},"categories":[10],"tags":[],"_links":{"self":[{"href":"https:\/\/dom-orehovica.hr\/index.php?rest_route=\/wp\/v2\/posts\/570"}],"collection":[{"href":"https:\/\/dom-orehovica.hr\/index.php?rest_route=\/wp\/v2\/posts"}],"about":[{"href":"https:\/\/dom-orehovica.hr\/index.php?rest_route=\/wp\/v2\/types\/post"}],"author":[{"embeddable":true,"href":"https:\/\/dom-orehovica.hr\/index.php?rest_route=\/wp\/v2\/users\/3"}],"replies":[{"embeddable":true,"href":"https:\/\/dom-orehovica.hr\/index.php?rest_route=%2Fwp%2Fv2%2Fcomments&post=570"}],"version-history":[{"count":1,"href":"https:\/\/dom-orehovica.hr\/index.php?rest_route=\/wp\/v2\/posts\/570\/revisions"}],"predecessor-version":[{"id":1749,"href":"https:\/\/dom-orehovica.hr\/index.php?rest_route=\/wp\/v2\/posts\/570\/revisions\/1749"}],"wp:attachment":[{"href":"https:\/\/dom-orehovica.hr\/index.php?rest_route=%2Fwp%2Fv2%2Fmedia&parent=570"}],"wp:term":[{"taxonomy":"category","embeddable":true,"href":"https:\/\/dom-orehovica.hr\/index.php?rest_route=%2Fwp%2Fv2%2Fcategories&post=570"},{"taxonomy":"post_tag","embeddable":true,"href":"https:\/\/dom-orehovica.hr\/index.php?rest_route=%2Fwp%2Fv2%2Ftags&post=570"}],"curies":[{"name":"wp","href":"https:\/\/api.w.org\/{rel}","templated":true}]}}