{"id":541,"date":"2014-03-25T08:27:55","date_gmt":"2014-03-25T07:27:55","guid":{"rendered":"http:\/\/dom-orehovica.hr\/web\/?p=541"},"modified":"2018-03-28T06:42:32","modified_gmt":"2018-03-28T04:42:32","slug":"natjecaj-za-izbor-i-imenovanje-ravnateljaice-2","status":"publish","type":"post","link":"https:\/\/dom-orehovica.hr\/?p=541","title":{"rendered":"NATJE\u010cAJ za izbor i imenovanje ravnatelja\/ice"},"content":{"rendered":"<p>Na temelju \u010dlanka 40. i 41. Zakona o ustanovama (\u00abNarodne novine\u00bb br. 76\/93., 29\/97., 47\/99. i 35\/08.), \u010dlanaka 153. i 154. Zakona o socijalnoj skrbi (\u00abNarodne novine\u00bb broj 157\/13.) i \u010dlanka 38. Statuta Doma za psihi\u010dki bolesne odrasle osobe Orehovica, Upravno vije\u0107e Doma na temelju svoje Odluke od 19. 03. 2014. godine, raspisuje<br \/>\nN A T J E \u010c A J<br \/>\nza izbor i imenovanje ravnatelja\/ice<br \/>\nDoma za psihi\u010dki bolesne odrasle osobe Orehovica<br \/>\nUvjeti:<br \/>\n&#8211; zavr\u0161en preddiplomski i diplomski sveu\u010dili\u0161ni studij ili integrirani preddiplomski i diplomski sveu\u010dili\u0161ni studij socijalnog rada, socijalne politike, prava, psihologije, sociologije, socijalne pedagogije, edukacijske rehabilitacije, logopedije, pedagogije, medicinskih, humanisti\u010dkih ili drugih dru\u0161tvenih znanosti<br \/>\n&#8211; najmanje pet godina radnog sta\u017ea u propisanom akademskom zvanju i akademskom stupnju, od toga najmanje tri godine u djelatnosti socijalne skrbi ili u drugoj dru\u0161tvenoj djelatnosti u propisanom akademskom zvanju i akademskom stupnju<br \/>\n&#8211; da ne postoji zapreka iz \u010dlanka 213. stavka 1. Zakona o socijalnoj skrbi (\u201eNN\u201c br. 157\/13.)<\/p>\n<p>Iznimno, ako se na javni natje\u010daj nije javio nijedan kandidat koji ispunjava navedene uvjete za ravnatelja doma socijalne skrbi mo\u017ee biti imenovana osoba koja ima zavr\u0161en odgovaraju\u0107i preddiplomski studij:<br \/>\n&#8211; socijalnog rada, socijalne politike, prava, psihologije, sociologije, socijalne pedagogije, edukacijske rehabilitacije, logopedije, pedagogije, medicinskih, humanisti\u010dkih ili drugih dru\u0161tvenih znanosti<br \/>\n&#8211; najmanje pet godina radnog sta\u017ea u propisanom akademskom zvanju i akademskom stupnju, od toga najmanje tri godine u djelatnosti socijalne skrbi ili u drugoj dru\u0161tvenoj djelatnosti u propisanom akademskom zvanju i akademskom stupnju<br \/>\n&#8211; da ne postoji zapreka iz \u010dlanka 213. stavka 1. Zakona o socijalnoj skrbi (\u201eNN\u201c br. 157\/13.)<br \/>\nRavnatelja imenuje Upravno vije\u0107e Doma na temelju javnog natje\u010daja uz prethodnu suglasnost ministra nadle\u017enog za poslove socijalne skrbi. Mandat traje \u010detiri godine, a ista osoba mo\u017ee biti ponovno imenovana za ravnatelja.<br \/>\nUpravno vije\u0107e Doma \u0107e s izabranim kandidatom za radno mjesto ravnatelja, nakon dono\u0161enja odluke o imenovanju, sklopiti ugovor o radu na odre\u010eeno vrijeme od \u010detiri godine.<br \/>\nUz prijavu na natje\u010daj kandidati trebaju prilo\u017eiti u izvorniku ili ovjerenoj preslici:<br \/>\n&#8211; diplomu o stru\u010dnoj spremi,<br \/>\n&#8211; potvrdu o radnom sta\u017eu,<br \/>\n&#8211; domovnicu,<br \/>\n&#8211; uvjerenje o neka\u017enjavanju i da nije pokrenut kazneni postupak, ne starije od mjesec dana,<br \/>\n&#8211; \u017eivotopis,<br \/>\n&#8211; plan i program rada za mandatno razdoblje.<br \/>\nPrijave s potrebnom dokumentacijom o ispunjavanju uvjeta iz natje\u010daja podnose se na adresu: Upravno vije\u0107e Doma za psihi\u010dki bolesne odrasle osobe Orehovica, A. \u0160enoe 2, 40322 Orehovica, s naznakom \u00abNatje\u010daj za ravnatelja \u2013 ne otvarati\u00bb, u roku od 8 dana od dana objave natje\u010daja u \u201eNarodnim novinama\u201c.<br \/>\nKandidati \u0107e biti pismeno obavije\u0161teni o rezultatima natje\u010daja u roku od 45 dana od isteka roka za podno\u0161enje prijava.<br \/>\nNepotpune i nepravovremene prijave ne\u0107e se razmatrati.<br \/>\nDOM ZA PSIHI\u010cKI BOLESNE ODRASLE OSOBE OREHOVICA<\/p>\n","protected":false},"excerpt":{"rendered":"<p>Na temelju \u010dlanka 40. i 41. Zakona o ustanovama (\u00abNarodne novine\u00bb br. 76\/93., 29\/97., 47\/99. i 35\/08.), \u010dlanaka 153. i 154. Zakona o socijalnoj skrbi (\u00abNarodne novine\u00bb broj 157\/13.) i \u010dlanka 38. Statuta Doma za psihi\u010dki bolesne odrasle osobe Orehovica, Upravno vije\u0107e Doma na temelju svoje Odluke od 19. 03. 2014. godine, raspisuje N A&hellip;<\/p>\n","protected":false},"author":3,"featured_media":0,"comment_status":"closed","ping_status":"open","sticky":false,"template":"","format":"standard","meta":{"ngg_post_thumbnail":0,"footnotes":""},"categories":[9],"tags":[],"_links":{"self":[{"href":"https:\/\/dom-orehovica.hr\/index.php?rest_route=\/wp\/v2\/posts\/541"}],"collection":[{"href":"https:\/\/dom-orehovica.hr\/index.php?rest_route=\/wp\/v2\/posts"}],"about":[{"href":"https:\/\/dom-orehovica.hr\/index.php?rest_route=\/wp\/v2\/types\/post"}],"author":[{"embeddable":true,"href":"https:\/\/dom-orehovica.hr\/index.php?rest_route=\/wp\/v2\/users\/3"}],"replies":[{"embeddable":true,"href":"https:\/\/dom-orehovica.hr\/index.php?rest_route=%2Fwp%2Fv2%2Fcomments&post=541"}],"version-history":[{"count":1,"href":"https:\/\/dom-orehovica.hr\/index.php?rest_route=\/wp\/v2\/posts\/541\/revisions"}],"predecessor-version":[{"id":1797,"href":"https:\/\/dom-orehovica.hr\/index.php?rest_route=\/wp\/v2\/posts\/541\/revisions\/1797"}],"wp:attachment":[{"href":"https:\/\/dom-orehovica.hr\/index.php?rest_route=%2Fwp%2Fv2%2Fmedia&parent=541"}],"wp:term":[{"taxonomy":"category","embeddable":true,"href":"https:\/\/dom-orehovica.hr\/index.php?rest_route=%2Fwp%2Fv2%2Fcategories&post=541"},{"taxonomy":"post_tag","embeddable":true,"href":"https:\/\/dom-orehovica.hr\/index.php?rest_route=%2Fwp%2Fv2%2Ftags&post=541"}],"curies":[{"name":"wp","href":"https:\/\/api.w.org\/{rel}","templated":true}]}}