{"id":3587,"date":"2023-08-01T08:08:12","date_gmt":"2023-08-01T06:08:12","guid":{"rendered":"https:\/\/dom-orehovica.hr\/?p=3587"},"modified":"2023-08-01T08:11:53","modified_gmt":"2023-08-01T06:11:53","slug":"vatrogasna-vjezba-2023","status":"publish","type":"post","link":"https:\/\/dom-orehovica.hr\/?p=3587","title":{"rendered":"Vatrogasna vje\u017eba 2023"},"content":{"rendered":"<p>Zadnji dan srpnja obilje\u017eili smo vatrogasnom vje\u017ebom u na\u0161em domu. To\u010dno u 9 sati ogasio se alarm za dojavu po\u017eara i ubrzo se se \u010dule sirene Javne postrojbe \u010cakovec, DVD Orehovica, DVD Podbrest i DVD Vularija.<\/p>\n<p>Kako je pro\u0161lo mo\u017eete pogledati u kratkom video zapisu na na\u0161em FB profilu (poveznica ispod).<\/p>\n<p><a href=\"https:\/\/www.facebook.com\/100009294689181\/videos\/667227018597763\/\">Vatrogasna vje\u017eba \ud83d\udd25\ud83d\ude92\ud83d\udc69\u200d\ud83d\ude92<\/a><\/p>\n<p>&nbsp;<\/p>\n<p>&nbsp;<\/p>\n","protected":false},"excerpt":{"rendered":"<p>Zadnji dan srpnja obilje\u017eili smo vatrogasnom vje\u017ebom u na\u0161em domu. To\u010dno u 9 sati ogasio se alarm za dojavu po\u017eara i ubrzo se se \u010dule sirene Javne postrojbe \u010cakovec, DVD Orehovica, DVD Podbrest i DVD Vularija. Kako je pro\u0161lo mo\u017eete pogledati u kratkom video zapisu na na\u0161em FB profilu (poveznica ispod). Vatrogasna vje\u017eba \ud83d\udd25\ud83d\ude92\ud83d\udc69\u200d\ud83d\ude92 &nbsp;&hellip;<\/p>\n","protected":false},"author":9,"featured_media":0,"comment_status":"closed","ping_status":"closed","sticky":false,"template":"","format":"standard","meta":{"ngg_post_thumbnail":0,"footnotes":""},"categories":[10],"tags":[],"_links":{"self":[{"href":"https:\/\/dom-orehovica.hr\/index.php?rest_route=\/wp\/v2\/posts\/3587"}],"collection":[{"href":"https:\/\/dom-orehovica.hr\/index.php?rest_route=\/wp\/v2\/posts"}],"about":[{"href":"https:\/\/dom-orehovica.hr\/index.php?rest_route=\/wp\/v2\/types\/post"}],"author":[{"embeddable":true,"href":"https:\/\/dom-orehovica.hr\/index.php?rest_route=\/wp\/v2\/users\/9"}],"replies":[{"embeddable":true,"href":"https:\/\/dom-orehovica.hr\/index.php?rest_route=%2Fwp%2Fv2%2Fcomments&post=3587"}],"version-history":[{"count":2,"href":"https:\/\/dom-orehovica.hr\/index.php?rest_route=\/wp\/v2\/posts\/3587\/revisions"}],"predecessor-version":[{"id":3589,"href":"https:\/\/dom-orehovica.hr\/index.php?rest_route=\/wp\/v2\/posts\/3587\/revisions\/3589"}],"wp:attachment":[{"href":"https:\/\/dom-orehovica.hr\/index.php?rest_route=%2Fwp%2Fv2%2Fmedia&parent=3587"}],"wp:term":[{"taxonomy":"category","embeddable":true,"href":"https:\/\/dom-orehovica.hr\/index.php?rest_route=%2Fwp%2Fv2%2Fcategories&post=3587"},{"taxonomy":"post_tag","embeddable":true,"href":"https:\/\/dom-orehovica.hr\/index.php?rest_route=%2Fwp%2Fv2%2Ftags&post=3587"}],"curies":[{"name":"wp","href":"https:\/\/api.w.org\/{rel}","templated":true}]}}