{"id":3505,"date":"2023-04-28T14:30:44","date_gmt":"2023-04-28T12:30:44","guid":{"rendered":"https:\/\/dom-orehovica.hr\/?p=3505"},"modified":"2023-04-28T15:12:27","modified_gmt":"2023-04-28T13:12:27","slug":"muzej-krapinskih-neandertalaca","status":"publish","type":"post","link":"https:\/\/dom-orehovica.hr\/?p=3505","title":{"rendered":"MUZEJ KRAPINSKIH NEANDERTALACA"},"content":{"rendered":"<p>O izletu iz pera na\u0161e korisnice:<\/p>\n<p>&nbsp;<\/p>\n<p>MUZEJ KRAPINSKIH NEANDERTALACA<\/p>\n<p>Odakle po\u010deti?<\/p>\n<p>Bilo je to 18. travnja, bila sam toliko radosna i uzbu\u0111ena da nisam spavala pola no\u0107i i ve\u0107 u pola 7 ujutro sam bila na nogama. Pro\u0161ao je doru\u010dak i ubrzo smo autobusom krenuli putem Krapine. Kako nam je socijalna radnica najavila, trebali smo pro\u0107i 3 \u017eupanije o kojima je pone\u0161to ispri\u010dala, govore\u0107i o znamenitostima i obi\u010dajima.<\/p>\n<p>Vrijeme putovanja je brzo pro\u0161lo uz \u201evodi\u010dke pri\u010de\u201c i razgovor s prijateljem Zvonkom. Iako je bilo ki\u0161ovito istra\u017eiva\u010dki entuzijazam nije nestao. Svi smo \u017eivo pri\u010dali o tome \u0161to nas \u010deka u Muzeju a neki su se unaprijed raspri\u010dali o sve\u010danom ru\u010dku koji nas je \u010dekao u restoranu \u201ePre\u0161a\u201c. Tako predivan i \u017eivopisni bre\u017euljkasti kraj nas ne mo\u017ee razo\u010darati, pomislila sam.<\/p>\n<p>Na putu do Muzeja pro\u0161li smo \u0161armantne ku\u0107ice sa suvenirima, koje su bile okru\u017eene bre\u017euljcima i informativnim turisti\u010dkim stazama. Usput sam okinula i nekoliko fotografija, s namjerom da mi taj dan ostane u jo\u0161 ljep\u0161em sje\u0107anju. Kad smo se svi skupili do\u010dekala nas je simpati\u010dna voditeljica i uputila nas da odgledamo kratak film o na\u010dinu \u017eivota neandertalaca. Tako smo imali prilike vidjeti kako su se obla\u010dili, komunicirali te \u0161to su i kako su jeli. Naime, nosili su odje\u0107u napravljenu od ko\u017ee i krzna divlja\u010di koje su lovili ru\u010dno napravljenim kopljima od \u0161tapova i tesanog kamenja. \u017divjeli su u pe\u0107inama gdje je vazda gorjela vatra, koja ih je istovremeno grijala i \u0161titila od napada vukova. Po danu su mu\u0161karci bili u lovu a \u017eene brinule o djeci i starijima. Higijena se obavljala u potocima, rijekama i slapovima. Lije\u010dili su se biljem. Najvi\u0161e me dirnuo prizor mu\u0161karca koji grli svoju \u017eenu i dijete prije po\u010dinka a kojim film ujedno zavr\u0161ava. Nakon toga smo krenuli u turu po Muzeju koji je izgledao vrlo misti\u010dno i tajnovito zahvaljuju\u0107i prigu\u0161enim svjetlima i razno raznim umjetni\u010dkim instalacijama.<\/p>\n<p>Voditeljica je pri\u010du zapo\u010dela s istra\u017eiva\u010dem Dragutinom Gorjanovi\u0107em-Kranbergerom koji je iskopao prve kosti i napravio lijepljenom rekonstrukciju kostura i ostalih va\u017enih predmeta vezanih za \u017eivot neandertalaca. Tada smo saznali da je neandertalac \u017eivio prije oko 130000 godina, a na nalazi\u0161tu je prona\u0111eno \u010dak 900 kostiju, 1000 komada alata i oru\u0111a, te oko 2000 fosila od kojih smo neke imali priliku i vidjeti. Muzejska gra\u0111a je tematski podijeljena na dva dijela; prvi je smje\u0161ten na brdu Hu\u0161njakovu koje je progla\u0161eno najve\u0107im nalazi\u0161tem pra\u010dovjeka, te va\u017enim podacima o skupljanju i o\u010duvanju artefakata, dok je drugi dio orijentiran na pri\u010du o velikom prasku te daljnjem razvoju \u017eivota. Kronologijom vremena od prije 200000 godina ispisana je na podu koji je maksimalno iskori\u0161ten kao izlo\u017ebeni prostor. Prikazani su ostaci francuskih, njema\u010dkih, krapinskih i bliskoisto\u010dnih neandertalaca, a zgodan je i redoslijed skulptura razvoja pra\u010dovjeka, koji kao prvi pokazuje etiopskog pra\u010dovjeka. Zanimljiv je i izlo\u017eak dinosaura koji se mogao dotaknuti, a tu je i kran, interaktivna instalacija le\u017ee\u0107eg bolesnika u krevetu pomo\u0107u kojega smo mogli uo\u010diti koje su naj\u010de\u0161\u0107e ozljede pra\u010dovjeka, na taj na\u010din da smo mogli dotaknuti dio tijela, pa bi se na tijelu i ekranu pojavila vrsta ozlijede i na\u010din lije\u010denja u tada\u0161nje doba. Nadalje nailazimo na dioramu, prizor iz \u017eivota neandertalaca za ognji\u0161tem, \u010dija je autorica francuska kiparica Elizabeth Doime, koja je isti izlo\u017eak izra\u0111ivala \u010dak punih 10 godina, zbog \u010dega je to najatraktivniji izlo\u017eak. Meni osobno se najvi\u0161e svidio dio pravog brda gdje su prona\u0111eni ostaci koji je savr\u0161eno inkorporiran u Muzejski prostor. Gigantska skulptura DNA zavojnice podsje\u0107a nas na va\u017ean nalaz istra\u017eiva\u010da Maxa Plancka o podudarnosti izme\u0111u genetske strukture neandertalaca i dana\u0161njeg \u010dovjeka. Jedan dio Muzeja posve\u0107en je i pojavi umjetnosti od prvog artefakta iz Ulma, pa sve do Vu\u010dedolske skulpture, odnosno kroz bakreno doba, \u017eeljezno doba, antiku pa sve do vremena hrvatski kraljeva. Zabavan izlo\u017eak su interaktivni ekrani gdje se posjetitelj uz propusnicu mogao i poslikati.<\/p>\n<p>Kad je tura zavr\u0161ila, veselo smo pohitali do autobusa usput snimaju\u0107i fotografije. Brzo smo se smjestili u autobusu te krenuli putem restorana Pre\u0161a, usput se dive\u0107i predivnom bre\u017euljkastom kraju. U restoranu nas je do\u010dekao ljubazno osoblje i atraktivan prostor, pa smo se kulturno smjestili na na\u0161a mjesta po\u010dev\u0161i \u010davrljati o dojmovima s izleta. Atmosfera i gastro ponuda su bili odli\u010dni, te smo svi u\u017eivali u jelu, nakon kojeg nas je do\u010dekao fini desert i kava.<\/p>\n<p>Do\u0161lo je vrijeme povratka u Dom. U autobusu nas je animirala socijalna radnica Doroteja uz koju smo bezbri\u017eno pjevu\u0161ili narodne pjesme i u\u017eivali u vo\u017enji.<\/p>\n<p>Sara Adami\u0107<\/p>\n<p>&nbsp;<\/p>\n<p><img loading=\"lazy\" decoding=\"async\" class=\"alignnone size-medium wp-image-3506\" src=\"https:\/\/dom-orehovica.hr\/wp-content\/uploads\/2023\/04\/20230418_102145-300x135.jpg\" alt=\"\" width=\"300\" height=\"135\" srcset=\"https:\/\/dom-orehovica.hr\/wp-content\/uploads\/2023\/04\/20230418_102145-300x135.jpg 300w, https:\/\/dom-orehovica.hr\/wp-content\/uploads\/2023\/04\/20230418_102145-768x346.jpg 768w, https:\/\/dom-orehovica.hr\/wp-content\/uploads\/2023\/04\/20230418_102145-1024x461.jpg 1024w\" sizes=\"(max-width: 300px) 100vw, 300px\" \/><img loading=\"lazy\" decoding=\"async\" class=\"alignnone size-medium wp-image-3507\" src=\"https:\/\/dom-orehovica.hr\/wp-content\/uploads\/2023\/04\/20230418_102141658-300x300.jpg\" alt=\"\" width=\"300\" height=\"300\" srcset=\"https:\/\/dom-orehovica.hr\/wp-content\/uploads\/2023\/04\/20230418_102141658-300x300.jpg 300w, https:\/\/dom-orehovica.hr\/wp-content\/uploads\/2023\/04\/20230418_102141658-150x150.jpg 150w, https:\/\/dom-orehovica.hr\/wp-content\/uploads\/2023\/04\/20230418_102141658-768x768.jpg 768w, https:\/\/dom-orehovica.hr\/wp-content\/uploads\/2023\/04\/20230418_102141658-1024x1024.jpg 1024w\" sizes=\"(max-width: 300px) 100vw, 300px\" \/><img loading=\"lazy\" decoding=\"async\" class=\"alignnone size-medium wp-image-3508\" src=\"https:\/\/dom-orehovica.hr\/wp-content\/uploads\/2023\/04\/20230418_102157023-300x300.jpg\" alt=\"\" width=\"300\" height=\"300\" srcset=\"https:\/\/dom-orehovica.hr\/wp-content\/uploads\/2023\/04\/20230418_102157023-300x300.jpg 300w, https:\/\/dom-orehovica.hr\/wp-content\/uploads\/2023\/04\/20230418_102157023-150x150.jpg 150w, https:\/\/dom-orehovica.hr\/wp-content\/uploads\/2023\/04\/20230418_102157023-768x768.jpg 768w, https:\/\/dom-orehovica.hr\/wp-content\/uploads\/2023\/04\/20230418_102157023-1024x1024.jpg 1024w\" sizes=\"(max-width: 300px) 100vw, 300px\" \/><img loading=\"lazy\" decoding=\"async\" class=\"alignnone size-medium wp-image-3509\" src=\"https:\/\/dom-orehovica.hr\/wp-content\/uploads\/2023\/04\/20230418_102426091-300x300.jpg\" alt=\"\" width=\"300\" height=\"300\" srcset=\"https:\/\/dom-orehovica.hr\/wp-content\/uploads\/2023\/04\/20230418_102426091-300x300.jpg 300w, https:\/\/dom-orehovica.hr\/wp-content\/uploads\/2023\/04\/20230418_102426091-150x150.jpg 150w, https:\/\/dom-orehovica.hr\/wp-content\/uploads\/2023\/04\/20230418_102426091-768x768.jpg 768w, https:\/\/dom-orehovica.hr\/wp-content\/uploads\/2023\/04\/20230418_102426091-1024x1024.jpg 1024w\" sizes=\"(max-width: 300px) 100vw, 300px\" \/><img loading=\"lazy\" decoding=\"async\" class=\"alignnone size-medium wp-image-3510\" src=\"https:\/\/dom-orehovica.hr\/wp-content\/uploads\/2023\/04\/20230418_112614573-300x300.jpg\" alt=\"\" width=\"300\" height=\"300\" srcset=\"https:\/\/dom-orehovica.hr\/wp-content\/uploads\/2023\/04\/20230418_112614573-300x300.jpg 300w, https:\/\/dom-orehovica.hr\/wp-content\/uploads\/2023\/04\/20230418_112614573-150x150.jpg 150w, https:\/\/dom-orehovica.hr\/wp-content\/uploads\/2023\/04\/20230418_112614573-768x768.jpg 768w, https:\/\/dom-orehovica.hr\/wp-content\/uploads\/2023\/04\/20230418_112614573-1024x1024.jpg 1024w\" sizes=\"(max-width: 300px) 100vw, 300px\" \/><img loading=\"lazy\" decoding=\"async\" class=\"alignnone size-medium wp-image-3511\" src=\"https:\/\/dom-orehovica.hr\/wp-content\/uploads\/2023\/04\/20230418_112636008-300x300.jpg\" alt=\"\" width=\"300\" height=\"300\" srcset=\"https:\/\/dom-orehovica.hr\/wp-content\/uploads\/2023\/04\/20230418_112636008-300x300.jpg 300w, https:\/\/dom-orehovica.hr\/wp-content\/uploads\/2023\/04\/20230418_112636008-150x150.jpg 150w, https:\/\/dom-orehovica.hr\/wp-content\/uploads\/2023\/04\/20230418_112636008-768x768.jpg 768w, https:\/\/dom-orehovica.hr\/wp-content\/uploads\/2023\/04\/20230418_112636008-1024x1024.jpg 1024w\" sizes=\"(max-width: 300px) 100vw, 300px\" \/><img loading=\"lazy\" decoding=\"async\" class=\"alignnone size-medium wp-image-3512\" src=\"https:\/\/dom-orehovica.hr\/wp-content\/uploads\/2023\/04\/20230418_115348856-300x300.jpg\" alt=\"\" width=\"300\" height=\"300\" srcset=\"https:\/\/dom-orehovica.hr\/wp-content\/uploads\/2023\/04\/20230418_115348856-300x300.jpg 300w, https:\/\/dom-orehovica.hr\/wp-content\/uploads\/2023\/04\/20230418_115348856-150x150.jpg 150w, https:\/\/dom-orehovica.hr\/wp-content\/uploads\/2023\/04\/20230418_115348856-768x768.jpg 768w, https:\/\/dom-orehovica.hr\/wp-content\/uploads\/2023\/04\/20230418_115348856-1024x1024.jpg 1024w\" sizes=\"(max-width: 300px) 100vw, 300px\" \/><\/p>\n","protected":false},"excerpt":{"rendered":"<p>O izletu iz pera na\u0161e korisnice: &nbsp; MUZEJ KRAPINSKIH NEANDERTALACA Odakle po\u010deti? Bilo je to 18. travnja, bila sam toliko radosna i uzbu\u0111ena da nisam spavala pola no\u0107i i ve\u0107 u pola 7 ujutro sam bila na nogama. Pro\u0161ao je doru\u010dak i ubrzo smo autobusom krenuli putem Krapine. Kako nam je socijalna radnica najavila, trebali&hellip;<\/p>\n","protected":false},"author":9,"featured_media":0,"comment_status":"closed","ping_status":"closed","sticky":false,"template":"","format":"standard","meta":{"ngg_post_thumbnail":0,"footnotes":""},"categories":[10],"tags":[],"_links":{"self":[{"href":"https:\/\/dom-orehovica.hr\/index.php?rest_route=\/wp\/v2\/posts\/3505"}],"collection":[{"href":"https:\/\/dom-orehovica.hr\/index.php?rest_route=\/wp\/v2\/posts"}],"about":[{"href":"https:\/\/dom-orehovica.hr\/index.php?rest_route=\/wp\/v2\/types\/post"}],"author":[{"embeddable":true,"href":"https:\/\/dom-orehovica.hr\/index.php?rest_route=\/wp\/v2\/users\/9"}],"replies":[{"embeddable":true,"href":"https:\/\/dom-orehovica.hr\/index.php?rest_route=%2Fwp%2Fv2%2Fcomments&post=3505"}],"version-history":[{"count":1,"href":"https:\/\/dom-orehovica.hr\/index.php?rest_route=\/wp\/v2\/posts\/3505\/revisions"}],"predecessor-version":[{"id":3513,"href":"https:\/\/dom-orehovica.hr\/index.php?rest_route=\/wp\/v2\/posts\/3505\/revisions\/3513"}],"wp:attachment":[{"href":"https:\/\/dom-orehovica.hr\/index.php?rest_route=%2Fwp%2Fv2%2Fmedia&parent=3505"}],"wp:term":[{"taxonomy":"category","embeddable":true,"href":"https:\/\/dom-orehovica.hr\/index.php?rest_route=%2Fwp%2Fv2%2Fcategories&post=3505"},{"taxonomy":"post_tag","embeddable":true,"href":"https:\/\/dom-orehovica.hr\/index.php?rest_route=%2Fwp%2Fv2%2Ftags&post=3505"}],"curies":[{"name":"wp","href":"https:\/\/api.w.org\/{rel}","templated":true}]}}