{"id":3494,"date":"2023-04-27T13:17:29","date_gmt":"2023-04-27T11:17:29","guid":{"rendered":"https:\/\/dom-orehovica.hr\/?p=3494"},"modified":"2023-04-27T17:40:59","modified_gmt":"2023-04-27T15:40:59","slug":"natjecaj-kuhar-ica-1-izvrsitelj-ica-na-neodredeno-puno-radno-vrijeme-i-racunovodstveni-referent-ica-1-izvrsitelj-ica-na-neodredeno-puno-radno-vrijeme","status":"publish","type":"post","link":"https:\/\/dom-orehovica.hr\/?p=3494","title":{"rendered":"Natje\u010daj &#8211;  Kuhar\/ica  i  Ra\u010dunovodstveni referent\/ica"},"content":{"rendered":"<p>Temeljem \u010dlanka 36. Statuta Doma za odrasle osobe Orehovica te uz dobivenu suglasnost Ministarstva<br \/>\nrada, mirovinskog sustava, obitelji i socijalne politike KLASA: 100-01\/22-02\/493, URBROJ: 524-08-<br \/>\n01-02\/7-22-2, od 12. rujna 2022. godine, zaprimljenu 19. rujna 2022. godine i suglasnost Ministarstva<br \/>\nrada, mirovinskog sustava, obitelji i socijalne politike KLASA: 100-01\/23-02\/121, URBROJ: 524-08-<br \/>\n01-02\/3-23-2, od 13. travnja 2023. godine, zaprimljenu 26. travnja 2023. godine, \u010dl. 24. Temeljnog<br \/>\nkolektivnog ugovora za slu\u017ebenike i namje\u0161tenike u javnim slu\u017ebama (NN br. 56\/2022) te \u010dl. 4.<br \/>\nPravilnika o radu Doma za odrasle osobe Orehovica, Ravnateljica Doma za odrasle osobe Orehovica<br \/>\nraspisuje javni:<\/p>\n<p style=\"text-align: center;\"><strong>JAVNI NATJE\u010cAJ<\/strong><\/p>\n<p>za zasnivanje radnog odnosa za radna mjesta<\/p>\n<p>Za prijem u radni odnos:<br \/>\n&nbsp;&nbsp;&nbsp;&nbsp;&nbsp;&nbsp; 1. <strong>Kuhar\/ica -1 izvr\u0161itelj\/ica na neodre\u0111eno puno radno vrijeme<\/strong><br \/>\n&nbsp;&nbsp;&nbsp;&nbsp;&nbsp;&nbsp; 2. <strong>Ra\u010dunovodstveni referent\/ica \u2013 1 izvr\u0161itelj\/ica na neodre\u0111eno puno radno vrijeme<\/strong><\/p>\n<p>Op\u0107i uvjeti:<br \/>\nPod 1.<\/p>\n<ul>\n<li>&nbsp;zavr\u0161eno srednjo\u0161kolsko obrazovanje za zanimanje kuhar,<\/li>\n<li>Poseban uvjet: polo\u017een voza\u010dki ispit \u201eB\u201c kategorije<\/li>\n<\/ul>\n<p>Pod 2<\/p>\n<ul>\n<li>zavr\u0161eno srednjo\u0161kolsko obrazovanje ekonomskog usmjerenja<\/li>\n<li>Poseban uvjet: &#8211; polo\u017een voza\u010dki ispit B kategorije<\/li>\n<li>poznavanje rada na ra\u010dunalu<\/li>\n<li>1 godina radnog iskustva na odgovaraju\u0107im poslovima<\/li>\n<\/ul>\n<p>Kandidati su uz prijavu na natje\u010daj du\u017eni dostaviti:<\/p>\n<ul>\n<li>zamolbu (vlastoru\u010dno potpisanu),<\/li>\n<li>\u017eivotopis,<\/li>\n<li>presliku domovnice<\/li>\n<li>presliku svjedod\u017ebe<\/li>\n<li>uvjerenje o neka\u017enjavanju \/u izvorniku, ne starije od 30 dana\/.<\/li>\n<\/ul>\n<p>Isprave se prila\u017eu u neovjerenoj preslici, a prije zapo\u0161ljavanja izabrani\/a kandidat\/kinja dostavit \u0107e izvornik i ovjerenu presliku navedenih isprava o ispunjavanju formalnih uvjeta iz javnog natje\u010daja, uz upozorenje da se nedostavljanje tra\u017eenih isprava smatra odustankom od zapo\u0161ljavanja.<\/p>\n<p>Uputa kandidatima i kandidatkinjama: Kandidati\/kandidatkinje koji ostvaruju pravo prednosti pri zapo\u0161ljavanju prema posebnim propisima du\u017eni su u prijavi na natje\u010daj pozvati se na to pravo, prilo\u017eiti rje\u0161enje iii potvrdu o priznatom statusu i imaju prednost u odnosu na ostale kandidate pod jednakim uvjetima. Kandidati koji se pozivaju na pravo prednosti prilikom zapo\u0161ljavanja u skladu s \u010dl. I02. Zakona o pravima hrvatskih branitelja iz Domovinskog rata i \u010dlanova njihovih obitelji, osim dokaza o ispunjavanju tra\u017eenih uvjeta, uz prijavu na natje\u010daj du\u017eni su prilo\u017eiti i sve potrebne dokaze dostupne na poveznici Ministarstva hrvatskih<br \/>\nbranitelja:<\/p>\n<p>https:\/\/branitelji.gov.hr\/zaposljavanje-843\/843<\/p>\n<p>Rok za podno\u0161enje prijave jest 8 dana od dana objave natje\u010daja u Narodnim novinama. Prijave se dostavljaju na adresu: Dom za odrasle osobe Orehovica, Augusta \u0160enoe 2, 40322 Orehovica, uz naznaku: \u00abPrijava na javni natje\u010daj &#8211; za radno mjesto Kuhar\/Ra\u010dunovodstveni referent na neodre\u0111eno vrijeme\u00bb.<\/p>\n<p>Podno\u0161enjem prijave na natje\u010daj kandidati daju suglasnost Domu za odrasle osobe Orehovica da kao voditelj zbirke osobnih podataka mo\u017ee prikupljati, koristiti se i dalje obra\u0111ivati njihove osobne podatke isklju\u010divo u svrhu provedbe natje\u010dajnog postupka sukladno propisima koji ureduju za\u0161titu osobnih podataka.<\/p>\n<p>Nepravodobne i nepotpune prijave ne\u0107e se razmatrati. Dom za odrasle osobe Orehovica zadr\u017eava pravo naknadnog dono\u0161enja odluke o provo\u0111enju testiranja kandidata koji ispunjavaju uvjete iz natje\u010daja (pisanom provjerom znanja i provo\u0111enjem usmenog razgovora), o \u010demu \u0107e kandidati biti obavije\u0161teni naknadno.<\/p>\n<p>O rezultatima natje\u010daja kandidati\/kandidatkinje \u0107e biti obavije\u0161teni putem web stranice Doma za odrasle osobe Orehovica (https:\/\/dom-orehovica.hr\/) .<\/p>\n<p>&nbsp;<\/p>\n<p style=\"text-align: right;\">Dom za odrasle osobe Orehovica<\/p>\n<p style=\"text-align: right;\">Ravnateljica:<br \/>\nSuzana Belovi\u0107, dipl. soc. radnica<\/p>\n<p><a href=\"https:\/\/dom-orehovica.hr\/wp-content\/uploads\/2023\/04\/TEKST-NATJE\u010cAJA-RA\u010c-REFERENT-I-KUHAR.pdf\"><em>NATJE\u010cAJ &#8211; REFERENT I KUHAR<\/em> <\/a>(pdf)<\/p>\n","protected":false},"excerpt":{"rendered":"<p>Temeljem \u010dlanka 36. Statuta Doma za odrasle osobe Orehovica te uz dobivenu suglasnost Ministarstva rada, mirovinskog sustava, obitelji i socijalne politike KLASA: 100-01\/22-02\/493, URBROJ: 524-08- 01-02\/7-22-2, od 12. rujna 2022. godine, zaprimljenu 19. rujna 2022. godine i suglasnost Ministarstva rada, mirovinskog sustava, obitelji i socijalne politike KLASA: 100-01\/23-02\/121, URBROJ: 524-08- 01-02\/3-23-2, od 13. travnja 2023.&hellip;<\/p>\n","protected":false},"author":7,"featured_media":0,"comment_status":"closed","ping_status":"closed","sticky":false,"template":"","format":"standard","meta":{"ngg_post_thumbnail":0,"footnotes":""},"categories":[9],"tags":[],"_links":{"self":[{"href":"https:\/\/dom-orehovica.hr\/index.php?rest_route=\/wp\/v2\/posts\/3494"}],"collection":[{"href":"https:\/\/dom-orehovica.hr\/index.php?rest_route=\/wp\/v2\/posts"}],"about":[{"href":"https:\/\/dom-orehovica.hr\/index.php?rest_route=\/wp\/v2\/types\/post"}],"author":[{"embeddable":true,"href":"https:\/\/dom-orehovica.hr\/index.php?rest_route=\/wp\/v2\/users\/7"}],"replies":[{"embeddable":true,"href":"https:\/\/dom-orehovica.hr\/index.php?rest_route=%2Fwp%2Fv2%2Fcomments&post=3494"}],"version-history":[{"count":5,"href":"https:\/\/dom-orehovica.hr\/index.php?rest_route=\/wp\/v2\/posts\/3494\/revisions"}],"predecessor-version":[{"id":3501,"href":"https:\/\/dom-orehovica.hr\/index.php?rest_route=\/wp\/v2\/posts\/3494\/revisions\/3501"}],"wp:attachment":[{"href":"https:\/\/dom-orehovica.hr\/index.php?rest_route=%2Fwp%2Fv2%2Fmedia&parent=3494"}],"wp:term":[{"taxonomy":"category","embeddable":true,"href":"https:\/\/dom-orehovica.hr\/index.php?rest_route=%2Fwp%2Fv2%2Fcategories&post=3494"},{"taxonomy":"post_tag","embeddable":true,"href":"https:\/\/dom-orehovica.hr\/index.php?rest_route=%2Fwp%2Fv2%2Ftags&post=3494"}],"curies":[{"name":"wp","href":"https:\/\/api.w.org\/{rel}","templated":true}]}}