{"id":3369,"date":"2023-02-21T14:52:50","date_gmt":"2023-02-21T13:52:50","guid":{"rendered":"https:\/\/dom-orehovica.hr\/?p=3369"},"modified":"2023-02-21T14:53:01","modified_gmt":"2023-02-21T13:53:01","slug":"maskare-na-suncu","status":"publish","type":"post","link":"https:\/\/dom-orehovica.hr\/?p=3369","title":{"rendered":"Ma\u0161kare na suncu"},"content":{"rendered":"<p>Ove godine nas je sunce po\u010dastilo svojom prisutno\u0161\u0107u, i iskoristili smo ovo (pre)toplo vrijeme za fa\u0161ni\u010dkom fe\u0161tom na otvorenom. Nakon mini programa (pjeva\u010di i plesa\u010di), pro\u0161etali smo Orehovicom i posjetili Op\u0107inu gdje su nas po\u010dastili krafnama. Dobro raspolo\u017eenje je nastavljeno plesom pod maskama.<\/p>\n<div class=\"mceTemp\"><\/div>\n<p><img loading=\"lazy\" decoding=\"async\" class=\"size-medium wp-image-3370\" src=\"https:\/\/dom-orehovica.hr\/wp-content\/uploads\/2023\/02\/20230221_0922070-300x169.jpg\" alt=\"\" width=\"300\" height=\"169\" srcset=\"https:\/\/dom-orehovica.hr\/wp-content\/uploads\/2023\/02\/20230221_0922070-300x169.jpg 300w, https:\/\/dom-orehovica.hr\/wp-content\/uploads\/2023\/02\/20230221_0922070-768x432.jpg 768w, https:\/\/dom-orehovica.hr\/wp-content\/uploads\/2023\/02\/20230221_0922070-1024x576.jpg 1024w\" sizes=\"(max-width: 300px) 100vw, 300px\" \/><\/p>\n<p><img loading=\"lazy\" decoding=\"async\" class=\"alignnone size-medium wp-image-3371\" src=\"https:\/\/dom-orehovica.hr\/wp-content\/uploads\/2023\/02\/20230221_093925-300x135.jpg\" alt=\"\" width=\"300\" height=\"135\" srcset=\"https:\/\/dom-orehovica.hr\/wp-content\/uploads\/2023\/02\/20230221_093925-300x135.jpg 300w, https:\/\/dom-orehovica.hr\/wp-content\/uploads\/2023\/02\/20230221_093925-768x346.jpg 768w, https:\/\/dom-orehovica.hr\/wp-content\/uploads\/2023\/02\/20230221_093925-1024x461.jpg 1024w\" sizes=\"(max-width: 300px) 100vw, 300px\" \/><img loading=\"lazy\" decoding=\"async\" class=\"alignnone size-medium wp-image-3372\" src=\"https:\/\/dom-orehovica.hr\/wp-content\/uploads\/2023\/02\/20230221_100058-300x135.jpg\" alt=\"\" width=\"300\" height=\"135\" srcset=\"https:\/\/dom-orehovica.hr\/wp-content\/uploads\/2023\/02\/20230221_100058-300x135.jpg 300w, https:\/\/dom-orehovica.hr\/wp-content\/uploads\/2023\/02\/20230221_100058-768x346.jpg 768w, https:\/\/dom-orehovica.hr\/wp-content\/uploads\/2023\/02\/20230221_100058-1024x461.jpg 1024w\" sizes=\"(max-width: 300px) 100vw, 300px\" \/><img loading=\"lazy\" decoding=\"async\" class=\"alignnone size-medium wp-image-3373\" src=\"https:\/\/dom-orehovica.hr\/wp-content\/uploads\/2023\/02\/20230221_100315-300x135.jpg\" alt=\"\" width=\"300\" height=\"135\" srcset=\"https:\/\/dom-orehovica.hr\/wp-content\/uploads\/2023\/02\/20230221_100315-300x135.jpg 300w, https:\/\/dom-orehovica.hr\/wp-content\/uploads\/2023\/02\/20230221_100315-768x346.jpg 768w, https:\/\/dom-orehovica.hr\/wp-content\/uploads\/2023\/02\/20230221_100315-1024x461.jpg 1024w\" sizes=\"(max-width: 300px) 100vw, 300px\" \/><img loading=\"lazy\" decoding=\"async\" class=\"alignnone size-medium wp-image-3374\" src=\"https:\/\/dom-orehovica.hr\/wp-content\/uploads\/2023\/02\/20230221_101441-300x135.jpg\" alt=\"\" width=\"300\" height=\"135\" srcset=\"https:\/\/dom-orehovica.hr\/wp-content\/uploads\/2023\/02\/20230221_101441-300x135.jpg 300w, https:\/\/dom-orehovica.hr\/wp-content\/uploads\/2023\/02\/20230221_101441-768x346.jpg 768w, https:\/\/dom-orehovica.hr\/wp-content\/uploads\/2023\/02\/20230221_101441-1024x461.jpg 1024w\" sizes=\"(max-width: 300px) 100vw, 300px\" \/><img loading=\"lazy\" decoding=\"async\" class=\"alignnone size-medium wp-image-3375\" src=\"https:\/\/dom-orehovica.hr\/wp-content\/uploads\/2023\/02\/20230221_101445-300x135.jpg\" alt=\"\" width=\"300\" height=\"135\" srcset=\"https:\/\/dom-orehovica.hr\/wp-content\/uploads\/2023\/02\/20230221_101445-300x135.jpg 300w, https:\/\/dom-orehovica.hr\/wp-content\/uploads\/2023\/02\/20230221_101445-768x346.jpg 768w, https:\/\/dom-orehovica.hr\/wp-content\/uploads\/2023\/02\/20230221_101445-1024x461.jpg 1024w\" sizes=\"(max-width: 300px) 100vw, 300px\" \/><img loading=\"lazy\" decoding=\"async\" class=\"alignnone size-medium wp-image-3376\" src=\"https:\/\/dom-orehovica.hr\/wp-content\/uploads\/2023\/02\/20230221_102934-300x135.jpg\" alt=\"\" width=\"300\" height=\"135\" srcset=\"https:\/\/dom-orehovica.hr\/wp-content\/uploads\/2023\/02\/20230221_102934-300x135.jpg 300w, https:\/\/dom-orehovica.hr\/wp-content\/uploads\/2023\/02\/20230221_102934-768x346.jpg 768w, https:\/\/dom-orehovica.hr\/wp-content\/uploads\/2023\/02\/20230221_102934-1024x461.jpg 1024w\" sizes=\"(max-width: 300px) 100vw, 300px\" \/><img loading=\"lazy\" decoding=\"async\" class=\"alignnone size-medium wp-image-3377\" src=\"https:\/\/dom-orehovica.hr\/wp-content\/uploads\/2023\/02\/20230221_104517-300x135.jpg\" alt=\"\" width=\"300\" height=\"135\" srcset=\"https:\/\/dom-orehovica.hr\/wp-content\/uploads\/2023\/02\/20230221_104517-300x135.jpg 300w, https:\/\/dom-orehovica.hr\/wp-content\/uploads\/2023\/02\/20230221_104517-768x346.jpg 768w, https:\/\/dom-orehovica.hr\/wp-content\/uploads\/2023\/02\/20230221_104517-1024x461.jpg 1024w\" sizes=\"(max-width: 300px) 100vw, 300px\" \/><img loading=\"lazy\" decoding=\"async\" class=\"alignnone size-medium wp-image-3378\" src=\"https:\/\/dom-orehovica.hr\/wp-content\/uploads\/2023\/02\/20230221_104530-300x135.jpg\" alt=\"\" width=\"300\" height=\"135\" srcset=\"https:\/\/dom-orehovica.hr\/wp-content\/uploads\/2023\/02\/20230221_104530-300x135.jpg 300w, https:\/\/dom-orehovica.hr\/wp-content\/uploads\/2023\/02\/20230221_104530-768x346.jpg 768w, https:\/\/dom-orehovica.hr\/wp-content\/uploads\/2023\/02\/20230221_104530-1024x461.jpg 1024w\" sizes=\"(max-width: 300px) 100vw, 300px\" \/><\/p>\n","protected":false},"excerpt":{"rendered":"<p>Ove godine nas je sunce po\u010dastilo svojom prisutno\u0161\u0107u, i iskoristili smo ovo (pre)toplo vrijeme za fa\u0161ni\u010dkom fe\u0161tom na otvorenom. Nakon mini programa (pjeva\u010di i plesa\u010di), pro\u0161etali smo Orehovicom i posjetili Op\u0107inu gdje su nas po\u010dastili krafnama. Dobro raspolo\u017eenje je nastavljeno plesom pod maskama.<\/p>\n","protected":false},"author":9,"featured_media":0,"comment_status":"closed","ping_status":"closed","sticky":false,"template":"","format":"standard","meta":{"ngg_post_thumbnail":0,"footnotes":""},"categories":[10],"tags":[],"_links":{"self":[{"href":"https:\/\/dom-orehovica.hr\/index.php?rest_route=\/wp\/v2\/posts\/3369"}],"collection":[{"href":"https:\/\/dom-orehovica.hr\/index.php?rest_route=\/wp\/v2\/posts"}],"about":[{"href":"https:\/\/dom-orehovica.hr\/index.php?rest_route=\/wp\/v2\/types\/post"}],"author":[{"embeddable":true,"href":"https:\/\/dom-orehovica.hr\/index.php?rest_route=\/wp\/v2\/users\/9"}],"replies":[{"embeddable":true,"href":"https:\/\/dom-orehovica.hr\/index.php?rest_route=%2Fwp%2Fv2%2Fcomments&post=3369"}],"version-history":[{"count":2,"href":"https:\/\/dom-orehovica.hr\/index.php?rest_route=\/wp\/v2\/posts\/3369\/revisions"}],"predecessor-version":[{"id":3380,"href":"https:\/\/dom-orehovica.hr\/index.php?rest_route=\/wp\/v2\/posts\/3369\/revisions\/3380"}],"wp:attachment":[{"href":"https:\/\/dom-orehovica.hr\/index.php?rest_route=%2Fwp%2Fv2%2Fmedia&parent=3369"}],"wp:term":[{"taxonomy":"category","embeddable":true,"href":"https:\/\/dom-orehovica.hr\/index.php?rest_route=%2Fwp%2Fv2%2Fcategories&post=3369"},{"taxonomy":"post_tag","embeddable":true,"href":"https:\/\/dom-orehovica.hr\/index.php?rest_route=%2Fwp%2Fv2%2Ftags&post=3369"}],"curies":[{"name":"wp","href":"https:\/\/api.w.org\/{rel}","templated":true}]}}