{"id":3288,"date":"2023-02-01T07:00:05","date_gmt":"2023-02-01T06:00:05","guid":{"rendered":"https:\/\/dom-orehovica.hr\/?p=3288"},"modified":"2023-02-01T08:04:12","modified_gmt":"2023-02-01T07:04:12","slug":"3288","status":"publish","type":"post","link":"https:\/\/dom-orehovica.hr\/?p=3288","title":{"rendered":"Natje\u010daj za radna mjesta 01.02.2023."},"content":{"rendered":"<p style=\"text-align: left;\">DOM ZA ODRASLE OSOBE OREHOVICA<br \/>\nOrehovica, Augusta \u0160enoe 2<\/p>\n<p style=\"text-align: left;\">KLASA: 112-01\/23-02\/2<br \/>\nURBROJ: 2109-112-01\/1-23-1<br \/>\nU Orehovici, 01. velja\u010de 2023.godine.<\/p>\n<p style=\"text-align: left;\">&nbsp;<\/p>\n<p style=\"text-align: left;\">Temeljem \u010dlanka 36. Statuta Doma za odrasle osobe Orehovica te uz dobivenu suglasnost Ministarstva rada, mirovinskog sustava, obitelji i socijalne politike KLASA: 100-01\/22-02\/116, URBROJ: 524-08-01-02\/7-22-2, od 01. o\u017eujka 2022. godine, zaprimljenu dana 08. o\u017eujka 2022. godine, suglasnost Ministarstva rada, mirovinskog sustava, obitelji i socijalne politike KLASA: 100-01\/22-02\/493, URBROJ: 524-08-01-02\/7-22-2, od 12. rujna 2022. godine, zaprimljenu 19. rujna 2022. godine i suglasnost Ministarstva rada, mirovinskog sustava, obitelji i socijalne politike KLASA: 100-01\/23-02\/07, URBROJ: 524-08-01-02\/5-23-2, od 18. sije\u010dnja 2023. godine, zaprimljenu 27. sije\u010dnja 2023. godine,&nbsp; \u010dl. 24. Temeljnog kolektivnog ugovora za slu\u017ebenike i namje\u0161tenike u javnim slu\u017ebama (NN br. 56\/2022)&nbsp;&nbsp; te \u010dl. 4. Pravilnika o radu Doma za odrasle osobe Orehovica, Ravnateljica Doma za odrasle osobe Orehovica raspisuje javni:<\/p>\n<p style=\"text-align: center;\"><strong><br \/>\nNATJE\u010cAJ<\/strong><\/p>\n<p style=\"text-align: center;\">za zasnivanje radnog odnosa za radna mjesta<\/p>\n<p>&nbsp;<\/p>\n<p style=\"text-align: left;\">Za prijem u radni odnos:<\/p>\n<ol style=\"text-align: left;\">\n<li><strong>Njegovatelj\/ica \u2013 2 izvr\u0161itelja\/ice na neodre\u0111eno puno radno vrijeme<\/strong><\/li>\n<li><strong>Kuhar\/ica -1 izvr\u0161itelj\/ica na neodre\u0111eno puno radno vrijeme<\/strong><\/li>\n<li><strong>Ra\u010dunovodstveni referent\/ica \u2013 1 izvr\u0161itelj\/ica na neodre\u0111eno puno radno vrijeme<\/strong><\/li>\n<li><strong>Skladi\u0161tar\/ka \u2013 1 izvr\u0161itelj\/ica na neodre\u0111eno puno radno vrijeme<\/strong><\/li>\n<\/ol>\n<p style=\"text-align: left;\"><strong>&nbsp;<\/strong><\/p>\n<p style=\"text-align: left;\"><strong>Op\u0107i uvjeti:<\/strong><\/p>\n<p style=\"text-align: left;\"><strong>Pod 1. <\/strong><\/p>\n<ul style=\"text-align: left;\">\n<li>zavr\u0161eno osnovno\u0161kolsko obrazovanje,<\/li>\n<li>polo\u017een te\u010daj za njegu,<\/li>\n<\/ul>\n<p style=\"text-align: left;\"><strong>Poseban uvjet:<\/strong> polo\u017een voza\u010dki ispit \u201eB\u201c kategorije<\/p>\n<p style=\"text-align: left;\"><strong>Pod 2.<\/strong><\/p>\n<ul style=\"text-align: left;\">\n<li>zavr\u0161eno srednjo\u0161kolsko obrazovanje za zanimanje kuhar,<\/li>\n<\/ul>\n<p style=\"text-align: left;\"><strong>Poseban uvjet:<\/strong> polo\u017een voza\u010dki ispit \u201eB\u201c kategorije<\/p>\n<p style=\"text-align: left;\"><strong>Pod 3.<\/strong><\/p>\n<ul style=\"text-align: left;\">\n<li>zavr\u0161eno srednjo\u0161kolsko obrazovanje ekonomskog usmjerenja<\/li>\n<li><strong>Poseban uvjet:<\/strong> &#8211; polo\u017een voza\u010dki ispit B kategorije<\/li>\n<\/ul>\n<p style=\"text-align: left;\"><strong>&nbsp;<\/strong>&nbsp; &#8211; poznavanje rada na ra\u010dunalu<\/p>\n<p style=\"text-align: left;\">&nbsp;&nbsp; &#8211; 1 godina radnog iskustva na odgovaraju\u0107im poslovima<\/p>\n<p style=\"text-align: left;\"><strong>Pod 4.<\/strong><\/p>\n<ul style=\"text-align: left;\">\n<li>zavr\u0161eno srednjo\u0161kolsko obrazovanje ekonomskog ili trgova\u010dkog usmjerenja<\/li>\n<li><strong>Poseban uvjet:<\/strong> &#8211; polo\u017een voza\u010dki ispit B kategorije<br \/>\n&nbsp; &nbsp; &nbsp; &nbsp; &nbsp; &nbsp; &nbsp; &nbsp; &nbsp; &nbsp; &nbsp; &nbsp; &nbsp;&#8211; poznavanje rada na ra\u010dunalu<br \/>\n&nbsp; &nbsp; &nbsp; &nbsp; &nbsp; &nbsp; &nbsp; &nbsp; &nbsp; &nbsp; &nbsp; &nbsp; &nbsp;&#8211; 1 godina radnog iskustva na odgovaraju\u0107im poslovima<\/li>\n<\/ul>\n<p style=\"text-align: left;\"><strong>Kandidati su uz prijavu na natje\u010daj du\u017eni dostaviti:<\/strong><\/p>\n<ul style=\"text-align: left;\">\n<li>zamolbu (vlastoru\u010dno potpisanu),<\/li>\n<li>\u017eivotopis,<\/li>\n<li>presliku domovnice<\/li>\n<li>presliku svjedod\u017ebe<\/li>\n<li>uvjerenje o neka\u017enjavanju \/u izvorniku, ne starije od 30 dana\/.<\/li>\n<\/ul>\n<p style=\"text-align: left;\">&nbsp;<\/p>\n<p style=\"text-align: left;\">Isprave se prila\u017eu u neovjerenoj preslici, a prije zapo\u0161ljavanja izabrani\/a kandidat\/kinja dostavit \u0107e izvornik i ovjerenu&nbsp;&nbsp; presliku&nbsp;&nbsp; navedenih&nbsp;&nbsp; isprava o ispunjavanju&nbsp;&nbsp; formalnih&nbsp;&nbsp; uvjeta iz javnog natje\u010daja, uz upozorenje da se nedostavljanje tra\u017eenih&nbsp; isprava smatra odustankom od zapo\u0161ljavanja.<\/p>\n<p style=\"text-align: left;\">Uputa kandidatima i kandidatkinjama:<\/p>\n<p style=\"text-align: left;\">Kandidati\/kandidatkinje koji ostvaruju pravo prednosti pri zapo\u0161ljavanju prema posebnim propisima du\u017eni su u prijavi na natje\u010daj pozvati se na to pravo, prilo\u017eiti rje\u0161enje iii potvrdu o priznatom statusu i imaju prednost u odnosu na ostale kandidate pod jednakim uvjetima. Kandidati koji se pozivaju na pravo prednosti prilikom zapo\u0161ljavanja u skladu s \u010dl. I02. Zakona o pravima hrvatskih branitelja iz Domovinskog rata i \u010dlanova njihovih obitelji, osim dokaza o ispunjavanju tra\u017eenih uvjeta, uz prijavu na natje\u010daj du\u017eni su prilo\u017eiti i sve potrebne dokaze dostupne na poveznici Ministarstva hrvatskih branitelja:<\/p>\n<p style=\"text-align: left;\"><a href=\"https:\/\/branitelji.gov.hr\/zaposljavanje-843\/843\"><span style=\"text-decoration: underline; color: #3366ff;\"><em>https:\/\/branitelji.gov.hr\/zaposljavanje-843\/843<\/em><\/span><\/a><\/p>\n<p style=\"text-align: left;\">Rok za podno\u0161enje prijave jest 8 dana od dana objave natje\u010daja u Narodnim novinama. Prijave se dostavljaju na adresu: Dom za odrasle osobe Orehovica, Augusta \u0160enoe 2, 40322 Orehovica, uz naznaku: \u00abPrijava na javni natje\u010daj &#8211; za radno mjesto Njegovatelj\/Kuhar\/Ra\u010dunovodstveni referent\/ Skladi\u0161tar na neodre\u0111eno vrijeme\u00bb.<\/p>\n<p style=\"text-align: left;\">Podno\u0161enjem prijave na natje\u010daj kandidati daju suglasnost Domu za odrasle osobe Orehovica da kao voditelj zbirke osobnih podataka mo\u017ee prikupljati, koristiti se i dalje obra\u0111ivati njihove osobne podatke isklju\u010divo u svrhu provedbe natje\u010dajnog postupka sukladno propisima koji ureduju za\u0161titu osobnih podataka.<\/p>\n<p style=\"text-align: left;\">Nepravodobne i nepotpune prijave ne\u0107e se razmatrati. Dom za odrasle osobe Orehovica zadr\u017eava pravo naknadnog dono\u0161enja odluke o provo\u0111enju testiranja kandidata koji ispunjavaju uvjete iz natje\u010daja (pisanom provjerom znanja i provo\u0111enjem usmenog razgovora), o \u010demu \u0107e kandidati biti obavije\u0161teni naknadno.<\/p>\n<p style=\"text-align: left;\">O rezultatima natje\u010daja kandidati\/kandidatkinje \u0107e biti obavije\u0161teni putem web stranice Doma za odrasle osobe Orehovica (https:\/\/dom-orehovica.hr\/) .<\/p>\n<p style=\"text-align: left;\">&nbsp;<\/p>\n<p style=\"text-align: right;\">&nbsp;&nbsp;&nbsp;&nbsp;&nbsp;&nbsp;&nbsp;&nbsp;&nbsp;&nbsp;&nbsp;&nbsp;&nbsp;&nbsp;&nbsp;&nbsp;&nbsp; &nbsp;&nbsp;&nbsp;&nbsp;&nbsp;&nbsp;&nbsp;&nbsp;&nbsp;&nbsp;&nbsp;&nbsp;&nbsp;&nbsp;&nbsp;&nbsp;&nbsp;&nbsp;&nbsp;&nbsp;&nbsp;&nbsp;&nbsp;&nbsp;&nbsp;&nbsp;&nbsp;&nbsp;&nbsp;&nbsp;&nbsp;&nbsp;&nbsp;&nbsp;&nbsp;&nbsp;&nbsp;&nbsp;&nbsp;&nbsp;&nbsp;&nbsp;&nbsp;&nbsp;&nbsp;&nbsp;&nbsp;&nbsp;&nbsp;&nbsp;&nbsp;&nbsp;&nbsp;&nbsp;&nbsp;&nbsp;&nbsp;&nbsp;&nbsp;&nbsp;&nbsp;&nbsp;&nbsp; Dom za odrasle osobe Orehovica<\/p>\n<p style=\"text-align: left;\">Ravnateljica:<br \/>\nSuzana Belovi\u0107, dipl.&nbsp; soc.&nbsp; radnica<\/p>\n","protected":false},"excerpt":{"rendered":"<p>DOM ZA ODRASLE OSOBE OREHOVICA Orehovica, Augusta \u0160enoe 2 KLASA: 112-01\/23-02\/2 URBROJ: 2109-112-01\/1-23-1 U Orehovici, 01. velja\u010de 2023.godine. &nbsp; Temeljem \u010dlanka 36. Statuta Doma za odrasle osobe Orehovica te uz dobivenu suglasnost Ministarstva rada, mirovinskog sustava, obitelji i socijalne politike KLASA: 100-01\/22-02\/116, URBROJ: 524-08-01-02\/7-22-2, od 01. o\u017eujka 2022. godine, zaprimljenu dana 08. o\u017eujka 2022. godine,&hellip;<\/p>\n","protected":false},"author":1,"featured_media":0,"comment_status":"closed","ping_status":"closed","sticky":false,"template":"","format":"standard","meta":{"ngg_post_thumbnail":0,"footnotes":""},"categories":[9],"tags":[],"_links":{"self":[{"href":"https:\/\/dom-orehovica.hr\/index.php?rest_route=\/wp\/v2\/posts\/3288"}],"collection":[{"href":"https:\/\/dom-orehovica.hr\/index.php?rest_route=\/wp\/v2\/posts"}],"about":[{"href":"https:\/\/dom-orehovica.hr\/index.php?rest_route=\/wp\/v2\/types\/post"}],"author":[{"embeddable":true,"href":"https:\/\/dom-orehovica.hr\/index.php?rest_route=\/wp\/v2\/users\/1"}],"replies":[{"embeddable":true,"href":"https:\/\/dom-orehovica.hr\/index.php?rest_route=%2Fwp%2Fv2%2Fcomments&post=3288"}],"version-history":[{"count":3,"href":"https:\/\/dom-orehovica.hr\/index.php?rest_route=\/wp\/v2\/posts\/3288\/revisions"}],"predecessor-version":[{"id":3302,"href":"https:\/\/dom-orehovica.hr\/index.php?rest_route=\/wp\/v2\/posts\/3288\/revisions\/3302"}],"wp:attachment":[{"href":"https:\/\/dom-orehovica.hr\/index.php?rest_route=%2Fwp%2Fv2%2Fmedia&parent=3288"}],"wp:term":[{"taxonomy":"category","embeddable":true,"href":"https:\/\/dom-orehovica.hr\/index.php?rest_route=%2Fwp%2Fv2%2Fcategories&post=3288"},{"taxonomy":"post_tag","embeddable":true,"href":"https:\/\/dom-orehovica.hr\/index.php?rest_route=%2Fwp%2Fv2%2Ftags&post=3288"}],"curies":[{"name":"wp","href":"https:\/\/api.w.org\/{rel}","templated":true}]}}