{"id":3203,"date":"2022-11-09T15:17:15","date_gmt":"2022-11-09T14:17:15","guid":{"rendered":"https:\/\/dom-orehovica.hr\/?p=3203"},"modified":"2022-11-09T15:17:15","modified_gmt":"2022-11-09T14:17:15","slug":"odluka-o-odabiru-sluzbeno-vozilo","status":"publish","type":"post","link":"https:\/\/dom-orehovica.hr\/?p=3203","title":{"rendered":"ODLUKA O ODABIRU &#8211; SLU\u017dBENO VOZILO"},"content":{"rendered":"<p>Odluka o odabiru po natje\u010daju Doma za odrasle osobe Orehovica za nabavku slu\u017ebenog vozila:<\/p>\n<p><a href=\"https:\/\/dom-orehovica.hr\/wp-content\/uploads\/2022\/11\/ODLUKA-O-ODABIRU-SLUZBENO-VOZILO.pdf\"><span style=\"text-decoration: underline; color: #3366ff;\"><em>ODLUKA O ODABIRU &#8211; SLUZBENO VOZILO<\/em><\/span><\/a>&nbsp;(pdf)<\/p>\n","protected":false},"excerpt":{"rendered":"<p>Odluka o odabiru po natje\u010daju Doma za odrasle osobe Orehovica za nabavku slu\u017ebenog vozila: ODLUKA O ODABIRU &#8211; SLUZBENO VOZILO&nbsp;(pdf)<\/p>\n","protected":false},"author":1,"featured_media":0,"comment_status":"closed","ping_status":"closed","sticky":false,"template":"","format":"standard","meta":{"ngg_post_thumbnail":0,"footnotes":""},"categories":[1],"tags":[],"_links":{"self":[{"href":"https:\/\/dom-orehovica.hr\/index.php?rest_route=\/wp\/v2\/posts\/3203"}],"collection":[{"href":"https:\/\/dom-orehovica.hr\/index.php?rest_route=\/wp\/v2\/posts"}],"about":[{"href":"https:\/\/dom-orehovica.hr\/index.php?rest_route=\/wp\/v2\/types\/post"}],"author":[{"embeddable":true,"href":"https:\/\/dom-orehovica.hr\/index.php?rest_route=\/wp\/v2\/users\/1"}],"replies":[{"embeddable":true,"href":"https:\/\/dom-orehovica.hr\/index.php?rest_route=%2Fwp%2Fv2%2Fcomments&post=3203"}],"version-history":[{"count":1,"href":"https:\/\/dom-orehovica.hr\/index.php?rest_route=\/wp\/v2\/posts\/3203\/revisions"}],"predecessor-version":[{"id":3205,"href":"https:\/\/dom-orehovica.hr\/index.php?rest_route=\/wp\/v2\/posts\/3203\/revisions\/3205"}],"wp:attachment":[{"href":"https:\/\/dom-orehovica.hr\/index.php?rest_route=%2Fwp%2Fv2%2Fmedia&parent=3203"}],"wp:term":[{"taxonomy":"category","embeddable":true,"href":"https:\/\/dom-orehovica.hr\/index.php?rest_route=%2Fwp%2Fv2%2Fcategories&post=3203"},{"taxonomy":"post_tag","embeddable":true,"href":"https:\/\/dom-orehovica.hr\/index.php?rest_route=%2Fwp%2Fv2%2Ftags&post=3203"}],"curies":[{"name":"wp","href":"https:\/\/api.w.org\/{rel}","templated":true}]}}