{"id":3179,"date":"2022-10-25T11:36:09","date_gmt":"2022-10-25T09:36:09","guid":{"rendered":"https:\/\/dom-orehovica.hr\/?p=3179"},"modified":"2022-10-25T11:36:50","modified_gmt":"2022-10-25T09:36:50","slug":"natjecaj-fizioterapeut-1-izvrsitelj-ica","status":"publish","type":"post","link":"https:\/\/dom-orehovica.hr\/?p=3179","title":{"rendered":"Natje\u010daj &#8211; FIZIOTERAPEUT &#8211; 1 IZVR\u0160ITELJ\/ICA"},"content":{"rendered":"<p>TEMELJEM \u010cLANKA 36. STATUTA DOMA ZA ODRASLE OSOBE OREHOVICA I \u010cLANKA 4. PRAVILNIKA O RADU DOMA ZA ODRASLE OSOBE OREHOVICA, RAVNATELJICA RASPISUJE<\/p>\n<p>&nbsp;&nbsp;&nbsp;&nbsp;&nbsp;&nbsp;&nbsp;&nbsp;&nbsp;&nbsp;&nbsp;&nbsp;&nbsp;&nbsp;&nbsp;&nbsp;&nbsp;&nbsp;&nbsp;&nbsp;&nbsp;&nbsp;&nbsp;&nbsp;&nbsp;&nbsp;&nbsp;&nbsp;&nbsp;&nbsp;&nbsp;&nbsp;&nbsp;&nbsp;&nbsp;&nbsp;&nbsp;&nbsp;&nbsp;&nbsp;&nbsp;&nbsp;&nbsp;&nbsp;&nbsp;&nbsp;&nbsp;<\/p>\n<p style=\"text-align: center;\"><strong>JAVNI NATJE\u010cAJ<\/strong><\/p>\n<p>Za prijem u radni odnos:<\/p>\n<ul>\n<li><strong>Fizioterapeut \u2013 odre\u0111eno puno radno vrijeme \u2013 1 izvr\u0161itelj\/ica<\/strong><\/li>\n<\/ul>\n<p>Uvjeti:&nbsp;<\/p>\n<ul>\n<li>zavr\u0161eno srednjo\u0161kolsko obrazovanje za fizioterapeutskog tehni\u010dara<\/li>\n<\/ul>\n<p>Posebni uvjeti:<\/p>\n<ul>\n<li>samostalna uporaba ra\u010dunala<\/li>\n<li>polo\u017een voza\u010dki ispit \u201eB\u201c kategorije<\/li>\n<\/ul>\n<p>Kandidati su uz prijavu na natje\u010daj du\u017eni dostaviti:<\/p>\n<ul>\n<li>zamolbu (vlastoru\u010dno potpisanu),<\/li>\n<li>\u017eivotopis,<\/li>\n<li>presliku domovnice,<\/li>\n<li>presliku diplome,<\/li>\n<li>presliku odobrenja za samostalan rad,<\/li>\n<li>presliku uvjerenja o polo\u017eenom stru\u010dnom ispitu,<\/li>\n<li>uvjerenje o neka\u017enjavanju \/u izvorniku, ne starije od 30 dana\/.<\/li>\n<li>presliku potvrde o podacima evidentiranim u mati\u010dnoj evidenciji HZMO-a<\/li>\n<\/ul>\n<p>Isprave se prila\u017eu u neovjerenoj preslici, a prije zapo\u0161ljavanja izabrani\/a kandidat\/kinja dostavit \u0107e izvornik i ovjerenu&nbsp;&nbsp; presliku&nbsp;&nbsp; navedenih&nbsp;&nbsp; isprava o ispunjavanju&nbsp;&nbsp; formalnih&nbsp;&nbsp; uvjeta iz javnog natje\u010daja, uz upozorenje da se nedostavljanje tra\u017eenih&nbsp; isprava smatra odustankom od zapo\u0161ljavanja.<\/p>\n<p>Kandidati koji ostvaruju pravo prednosti&nbsp; &nbsp;prilikom&nbsp;&nbsp; zapo\u0161ljavanja&nbsp; &nbsp;prema&nbsp;&nbsp; \u010dlanku&nbsp; &nbsp;I 02. Zakona&nbsp;&nbsp; o hrvatskim&nbsp;&nbsp;&nbsp; braniteljima&nbsp;&nbsp; iz&nbsp;&nbsp; Domovinskog&nbsp;&nbsp;&nbsp; rata&nbsp;&nbsp; i \u010dlanovima&nbsp;&nbsp; njihovih&nbsp;&nbsp; obitelji&nbsp;&nbsp; (,,Narodne&nbsp;&nbsp; novine&#8221;&nbsp;&nbsp; broj: 121 \/17., 98 \/19 . i 84\/21.), \u010dlanku 48. stavcima I. &#8211; 3. Zakona o civilnim stradalnicima iz Domovinskog rata (,,Narodne novine&#8221; broj: 84\/21 ) , \u010dlanku&nbsp;&nbsp; 48.f Zakona o za\u0161titi&nbsp;&nbsp; vojnih&nbsp;&nbsp; i civilnih&nbsp;&nbsp; invalida&nbsp;&nbsp; rata (,,Narodne novine&#8221; broj 33\/92, 57\/92,77\/92, 27\/93, 58\/93, 2\/94, 76\/94, 108\/95, 108\/96, 82\/01 , 103\/03,, 148\/13. i 98\/19 . ) i \u010dlanku 9. Zakona o profesionalnoj rehabilitaciji i zapo\u0161ljavanju&nbsp;&nbsp; osoba&nbsp;&nbsp; s invaliditetom (,,Narodne novine&#8221; broj:157\/13., 152\/14., 39\/18. i 32\/20.) du\u017eni su se u prijavi na natje\u010daj pozvati na to pravo te imaju prednost u odnosu na ostale kandidate samo&nbsp;&nbsp; pod jednakim uvjetima.<\/p>\n<p>Kandidat\/kinja koji\/a se poziva na pravo prednosti pri zapo\u0161ljavanju u skladu s \u010dlankom I 02. Zakona o hrvatskim&nbsp;&nbsp; braniteljima&nbsp;&nbsp; iz Domovinskog&nbsp;&nbsp; rata&nbsp;&nbsp; i \u010dlanovima&nbsp;&nbsp; njihovih&nbsp;&nbsp; obitelji (,,Narodne&nbsp; novine &#8220;, broj: 121\/17 , 98\/19 , 84\/21) uz prijavu na natje\u010daj du\u017ean\/a je, osim dokaza o ispunjavanju tra\u017eenih uvjeta, prilo\u017eiti i dokaze propisane \u010dlankom I 03.&nbsp;&nbsp; stavkom&nbsp; &nbsp;1.&nbsp;&nbsp; Zakona&nbsp; &nbsp;o&nbsp; &nbsp;hrvatskim&nbsp; &nbsp;braniteljima&nbsp; &nbsp;iz Domovinskog rata i \u010dlanovima njihovih obitelji, a koji su objavljeni na web-stranici&nbsp;&nbsp; Ministarstva hrvatskih branitelja :<\/p>\n<p>https:\/\/branitelji.gov.hr\/zaposljavanje-843\/843<\/p>\n<p><a href=\"https:\/\/branitelji.gov.hr\/UserDocsImages\/dokumenti\/Nikola\/popis%20dokaza%20za%20ostvarivanje%20prava%20prednosti%20pri%20zapo%C5%A1ljavanju-%20ZOHBDR%202021.pdf\"><span style=\"color: #3366ff;\"><em><u>https:\/\/branitelji.gov.hr\/UserDocsImages\/dokumenti\/Nikola\/popis%20dokaza%20za%20<br \/>\nostvarivanje%20prava%20prednosti%20pri%20zapo%C5%A1ljavanju-%20ZOHBDR%202021.pdf<\/u><\/em><\/span><\/a><\/p>\n<p><em>&nbsp;<\/em>Kandidat\/kinja koji\/ a se poziva na pravo prednosti pri zapo\u0161ljavanju u skladu s odredbom \u010dlanka 48. Zakona o civilnim stradalnicima iz Domovinskog rata (,,Narodne novine&#8221;,&nbsp; broj: 84\/21) , uz prijavu na javni natje\u010daj du\u017ean\/a je, osim dokaza o ispunjavanju&nbsp; tra\u017eenih&nbsp; uvjeta&nbsp; prilo\u017eiti&nbsp; i dokaze&nbsp; propisane \u010dlankom&nbsp; 49. st. I. Zakona o civilnim&nbsp; stradalnicima&nbsp; iz Domovinskog&nbsp; rata, a koji su objavljeni&nbsp; na web\u00ad stranici Ministarstva hrvatskih branitelja:<\/p>\n<p><a href=\"https:\/\/branitelji.gov.hr\/zaposljavanje-u-drzavnoj-sluzbi\/843\"><span style=\"text-decoration: underline; color: #3366ff;\"><em>https:\/\/branitelji.gov.hr\/zaposljavanje-u-drzavnoj-sluzbi\/843<\/em><\/span><\/a><\/p>\n<p><span style=\"text-decoration: underline; color: #3366ff;\"><em><a style=\"color: #3366ff; text-decoration: underline;\" href=\"https:\/\/branitelji.gov.hr\/UserDocsImages\/dokumenti\/Nikola\/popis%20dokaza%20za%20ostvarivanje%20prava%20prednosti%20pri%20zapo%C5%A1ljavanju-%20Zakon%20o%20civilnim%20stradalnicima%20iz%20DR.pdf\">https:\/\/branitelji.gov.hr\/UserDocsImages\/dokumenti\/Nikola\/popis%20dokaza%20za%20<br \/>\nostvarivanje%20prava%20prednosti%20pri%20zapo%C5%A1ljavanju-%20Zakon%20o%20civilnim%20stradalnicima%20iz%20DR.pdf<\/a><\/em><\/span><\/p>\n<p>Kandidat koji se poziva na pravo prednosti&nbsp; pri&nbsp; zapo\u0161ljavanju&nbsp; sukladno&nbsp; \u010dlanku&nbsp; 48. Zakona&nbsp; o za\u0161titi vojnih&nbsp; i civilnih&nbsp; invalida&nbsp; rata (,,Narodne novine&#8221; broj: 33\/92,&nbsp; 57\/92, 77\/92, 27\/93, 58\/93,&nbsp; 2\/94,&nbsp; 76\/94, 108\/95, 108 \/96 , 82\/01 , 103\/03.,148\/13. i&nbsp; 98\/19 .) du\u017ean je, osim dokaza o ispunjavanju tra\u017eenih uvjeta, dostaviti i rje\u0161enje i&nbsp; potvrdu o priznatom&nbsp; statusu&nbsp; iz koje je vidljivo ostvarivanje spomenutog&nbsp; prava, izjavu da do sada nisu koristili pravo&nbsp; prednosti&nbsp; pri zapo\u0161ljavanju&nbsp; po toj osnovi&nbsp; te dokaz&nbsp; iz kojeg je vidljivo na koji je na\u010din prestao&nbsp; radni&nbsp; odnos&nbsp; kod &nbsp;posljednjeg&nbsp; poslodavca&nbsp; (rje\u0161enje \/obavijest o prestanku radnog odnosa, sporazum i drugo).<\/p>\n<p>Kandidat koji se pozivaju na pravo prednosti pri zapo\u0161ljavanju sukladno&nbsp; \u010dlanku&nbsp; 9.&nbsp; Zakona &nbsp;o profesionalnoj&nbsp; rehabilitaciji&nbsp; i zapo\u0161ljavanju&nbsp; osoba s&nbsp; invaliditetom&nbsp; (,,Narodne&nbsp; novine&#8221;,&nbsp; broj:&nbsp; 157\/13 ., 152\/14. , 39\/18 . i 32\/20.) du\u017ean je, osim dokaza o ispunjavanju tra\u017eenih uvjeta, dostaviti i rje\u0161enje o utvr\u0111enom invaliditetu, odnosno drugu javnu ispravu o invaliditetu, na temelju koje se osoba mo\u017ee upisati u o\u010devidnik&nbsp; zaposlenih&nbsp; osoba s&nbsp; invaliditetom&nbsp; te dokaz&nbsp; iz kojeg je&nbsp; vidljivo&nbsp; na&nbsp; koji je&nbsp; na\u010din prestao radni odnos kod posljednjeg poslodavca (rje\u0161enje \/obavijest o prestanku radnog odnosa, sporazum i drugo).<\/p>\n<p>Kandidat\/kinja koji\/a ispunjava sve propisane uvjete iz javnog natje\u010daja i \u010dije su prijave potpune i pravovremene, pristupiti \u0107e usmenom razgovoru (intervju).<\/p>\n<p>Kandidat \/kinja \u0107e o mjestu vremenu odr\u017eavanja usmenog razgovora (intervjua) biti&nbsp; obavje\u0161ten\/a najkasnije pet dana prije odr\u017eavanja intervjua&nbsp; putem&nbsp; elektroni\u010dke &nbsp;poste i telefonskim &nbsp;pozivom. Kandidat \/k inja koji\/ a ne pristupe intervjuu , ne\u0107e se smatrati kandidatom \/kinjom u postupku. Kona\u010dna odluka o izboru kandidata\/kinje donijeti \u0107e se izme\u0111u kandidata\/kinje koji\/a je ostvario\/la najvi\u0161e bodova na intervju.<\/p>\n<p>Podno\u0161enjem prijave na natje\u010daj kandidati daju suglasnost Domu za odrasle osobe Orehovica da kao voditelj zbirke osobnih podataka mo\u017ee prikupljati , koristiti i dalje obra\u0111ivati njihove osobne podatke isklju\u010divo u svrhu provedbe natje\u010dajnog postupka sukladno propisima koji ureduju za\u0161titu osobnih podataka .<\/p>\n<p>0 rezultatima natje\u010daja kandidati \u0107e biti obavije\u0161teni&nbsp;&nbsp; putem&nbsp;&nbsp; web stranice Doma , a sukladno \u010dl.10.st.1. to\u010dka. 10. Zakona o pravu na pristup informacijama (Narodne novine br. 25\/ I 3 , 85\/15, 69\/22).<\/p>\n<p>U Orehovici, 25. listopada 2022. godine.<\/p>\n<p>KLASA: 112-01\/22-02\/11<\/p>\n<p>URBROJ: 2109-112-01\/1-22-1<\/p>\n<p>&nbsp;<\/p>\n<p style=\"text-align: right;\">&nbsp;&nbsp;&nbsp;&nbsp;&nbsp;&nbsp;&nbsp;&nbsp;&nbsp;&nbsp;&nbsp;&nbsp;&nbsp;&nbsp;&nbsp;&nbsp;&nbsp; &nbsp;&nbsp;&nbsp;&nbsp;&nbsp;&nbsp;&nbsp;&nbsp;&nbsp;&nbsp;&nbsp;&nbsp;&nbsp;&nbsp;&nbsp;&nbsp;&nbsp;&nbsp;&nbsp;&nbsp;&nbsp;&nbsp;&nbsp;&nbsp;&nbsp;&nbsp;&nbsp;&nbsp;&nbsp;&nbsp;&nbsp;&nbsp;&nbsp;&nbsp;&nbsp;&nbsp;&nbsp;&nbsp;&nbsp;&nbsp;&nbsp;&nbsp;&nbsp;&nbsp;&nbsp;&nbsp;&nbsp;&nbsp;&nbsp;&nbsp;&nbsp;&nbsp;&nbsp;&nbsp;&nbsp;&nbsp;&nbsp;&nbsp;&nbsp;&nbsp;&nbsp;&nbsp;&nbsp;&nbsp; Dom za odrasle osobe Orehovica<\/p>\n<p style=\"text-align: right;\">Ravnateljica:<br \/>\nSuzana Belovi\u0107, dipl.soc.radnica<\/p>\n<p>&nbsp;<\/p>\n<p>&nbsp;<\/p>\n<p>&nbsp;<\/p>\n<p>&nbsp;<\/p>\n","protected":false},"excerpt":{"rendered":"<p>TEMELJEM \u010cLANKA 36. STATUTA DOMA ZA ODRASLE OSOBE OREHOVICA I \u010cLANKA 4. PRAVILNIKA O RADU DOMA ZA ODRASLE OSOBE OREHOVICA, RAVNATELJICA RASPISUJE &nbsp;&nbsp;&nbsp;&nbsp;&nbsp;&nbsp;&nbsp;&nbsp;&nbsp;&nbsp;&nbsp;&nbsp;&nbsp;&nbsp;&nbsp;&nbsp;&nbsp;&nbsp;&nbsp;&nbsp;&nbsp;&nbsp;&nbsp;&nbsp;&nbsp;&nbsp;&nbsp;&nbsp;&nbsp;&nbsp;&nbsp;&nbsp;&nbsp;&nbsp;&nbsp;&nbsp;&nbsp;&nbsp;&nbsp;&nbsp;&nbsp;&nbsp;&nbsp;&nbsp;&nbsp;&nbsp;&nbsp; JAVNI NATJE\u010cAJ Za prijem u radni odnos: Fizioterapeut \u2013 odre\u0111eno puno radno vrijeme \u2013 1 izvr\u0161itelj\/ica Uvjeti:&nbsp; zavr\u0161eno srednjo\u0161kolsko obrazovanje za fizioterapeutskog tehni\u010dara Posebni uvjeti: samostalna uporaba ra\u010dunala polo\u017een voza\u010dki ispit \u201eB\u201c&hellip;<\/p>\n","protected":false},"author":1,"featured_media":0,"comment_status":"closed","ping_status":"closed","sticky":false,"template":"","format":"standard","meta":{"ngg_post_thumbnail":0,"footnotes":""},"categories":[9],"tags":[],"_links":{"self":[{"href":"https:\/\/dom-orehovica.hr\/index.php?rest_route=\/wp\/v2\/posts\/3179"}],"collection":[{"href":"https:\/\/dom-orehovica.hr\/index.php?rest_route=\/wp\/v2\/posts"}],"about":[{"href":"https:\/\/dom-orehovica.hr\/index.php?rest_route=\/wp\/v2\/types\/post"}],"author":[{"embeddable":true,"href":"https:\/\/dom-orehovica.hr\/index.php?rest_route=\/wp\/v2\/users\/1"}],"replies":[{"embeddable":true,"href":"https:\/\/dom-orehovica.hr\/index.php?rest_route=%2Fwp%2Fv2%2Fcomments&post=3179"}],"version-history":[{"count":2,"href":"https:\/\/dom-orehovica.hr\/index.php?rest_route=\/wp\/v2\/posts\/3179\/revisions"}],"predecessor-version":[{"id":3181,"href":"https:\/\/dom-orehovica.hr\/index.php?rest_route=\/wp\/v2\/posts\/3179\/revisions\/3181"}],"wp:attachment":[{"href":"https:\/\/dom-orehovica.hr\/index.php?rest_route=%2Fwp%2Fv2%2Fmedia&parent=3179"}],"wp:term":[{"taxonomy":"category","embeddable":true,"href":"https:\/\/dom-orehovica.hr\/index.php?rest_route=%2Fwp%2Fv2%2Fcategories&post=3179"},{"taxonomy":"post_tag","embeddable":true,"href":"https:\/\/dom-orehovica.hr\/index.php?rest_route=%2Fwp%2Fv2%2Ftags&post=3179"}],"curies":[{"name":"wp","href":"https:\/\/api.w.org\/{rel}","templated":true}]}}