{"id":3134,"date":"2022-10-13T10:53:22","date_gmt":"2022-10-13T08:53:22","guid":{"rendered":"https:\/\/dom-orehovica.hr\/?p=3134"},"modified":"2022-10-13T10:55:17","modified_gmt":"2022-10-13T08:55:17","slug":"dani-kruha-i-dan-zahvalnosti-za-plodove-zemlje-2022","status":"publish","type":"post","link":"https:\/\/dom-orehovica.hr\/?p=3134","title":{"rendered":"Dani kruha i dan zahvalnosti za plodove zemlje"},"content":{"rendered":"<p>Za tradicionalno obilje\u017eavanje Dana kruha i zahvalnosti za plodove zemlje ove godine iskoristili smo prekrasnu i sun\u010danu srijedu. Nakon \u0161to je sve\u0107enik blagoslovio plodove, uz ro\u0161tilj i veselu atmosferu &#8220;odradili&#8221; smo i ples na otvorenom.<\/p>\n<p><img loading=\"lazy\" decoding=\"async\" class=\"alignnone size-medium wp-image-3143\" src=\"https:\/\/dom-orehovica.hr\/wp-content\/uploads\/2022\/10\/20221012_095257-300x146.jpg\" alt=\"\" width=\"300\" height=\"146\" srcset=\"https:\/\/dom-orehovica.hr\/wp-content\/uploads\/2022\/10\/20221012_095257-300x146.jpg 300w, https:\/\/dom-orehovica.hr\/wp-content\/uploads\/2022\/10\/20221012_095257-768x373.jpg 768w, https:\/\/dom-orehovica.hr\/wp-content\/uploads\/2022\/10\/20221012_095257-1024x498.jpg 1024w, https:\/\/dom-orehovica.hr\/wp-content\/uploads\/2022\/10\/20221012_095257.jpg 1811w\" sizes=\"(max-width: 300px) 100vw, 300px\" \/><img loading=\"lazy\" decoding=\"async\" class=\"alignnone size-medium wp-image-3145\" src=\"https:\/\/dom-orehovica.hr\/wp-content\/uploads\/2022\/10\/20221012_095347-300x146.jpg\" alt=\"\" width=\"300\" height=\"146\" srcset=\"https:\/\/dom-orehovica.hr\/wp-content\/uploads\/2022\/10\/20221012_095347-300x146.jpg 300w, https:\/\/dom-orehovica.hr\/wp-content\/uploads\/2022\/10\/20221012_095347-768x373.jpg 768w, https:\/\/dom-orehovica.hr\/wp-content\/uploads\/2022\/10\/20221012_095347-1024x498.jpg 1024w, https:\/\/dom-orehovica.hr\/wp-content\/uploads\/2022\/10\/20221012_095347.jpg 1811w\" sizes=\"(max-width: 300px) 100vw, 300px\" \/><img loading=\"lazy\" decoding=\"async\" class=\"alignnone size-medium wp-image-3146\" src=\"https:\/\/dom-orehovica.hr\/wp-content\/uploads\/2022\/10\/20221012_095353-300x146.jpg\" alt=\"\" width=\"300\" height=\"146\" srcset=\"https:\/\/dom-orehovica.hr\/wp-content\/uploads\/2022\/10\/20221012_095353-300x146.jpg 300w, https:\/\/dom-orehovica.hr\/wp-content\/uploads\/2022\/10\/20221012_095353-768x373.jpg 768w, https:\/\/dom-orehovica.hr\/wp-content\/uploads\/2022\/10\/20221012_095353-1024x498.jpg 1024w, https:\/\/dom-orehovica.hr\/wp-content\/uploads\/2022\/10\/20221012_095353.jpg 1811w\" sizes=\"(max-width: 300px) 100vw, 300px\" \/><img loading=\"lazy\" decoding=\"async\" class=\"alignnone size-medium wp-image-3147\" src=\"https:\/\/dom-orehovica.hr\/wp-content\/uploads\/2022\/10\/20221012_100030-300x146.jpg\" alt=\"\" width=\"300\" height=\"146\" srcset=\"https:\/\/dom-orehovica.hr\/wp-content\/uploads\/2022\/10\/20221012_100030-300x146.jpg 300w, https:\/\/dom-orehovica.hr\/wp-content\/uploads\/2022\/10\/20221012_100030-768x373.jpg 768w, https:\/\/dom-orehovica.hr\/wp-content\/uploads\/2022\/10\/20221012_100030-1024x498.jpg 1024w, https:\/\/dom-orehovica.hr\/wp-content\/uploads\/2022\/10\/20221012_100030.jpg 1811w\" sizes=\"(max-width: 300px) 100vw, 300px\" \/><\/p>\n","protected":false},"excerpt":{"rendered":"<p>Za tradicionalno obilje\u017eavanje Dana kruha i zahvalnosti za plodove zemlje ove godine iskoristili smo prekrasnu i sun\u010danu srijedu. Nakon \u0161to je sve\u0107enik blagoslovio plodove, uz ro\u0161tilj i veselu atmosferu &#8220;odradili&#8221; smo i ples na otvorenom.<\/p>\n","protected":false},"author":9,"featured_media":0,"comment_status":"closed","ping_status":"closed","sticky":false,"template":"","format":"standard","meta":{"ngg_post_thumbnail":0,"footnotes":""},"categories":[10],"tags":[],"_links":{"self":[{"href":"https:\/\/dom-orehovica.hr\/index.php?rest_route=\/wp\/v2\/posts\/3134"}],"collection":[{"href":"https:\/\/dom-orehovica.hr\/index.php?rest_route=\/wp\/v2\/posts"}],"about":[{"href":"https:\/\/dom-orehovica.hr\/index.php?rest_route=\/wp\/v2\/types\/post"}],"author":[{"embeddable":true,"href":"https:\/\/dom-orehovica.hr\/index.php?rest_route=\/wp\/v2\/users\/9"}],"replies":[{"embeddable":true,"href":"https:\/\/dom-orehovica.hr\/index.php?rest_route=%2Fwp%2Fv2%2Fcomments&post=3134"}],"version-history":[{"count":5,"href":"https:\/\/dom-orehovica.hr\/index.php?rest_route=\/wp\/v2\/posts\/3134\/revisions"}],"predecessor-version":[{"id":3151,"href":"https:\/\/dom-orehovica.hr\/index.php?rest_route=\/wp\/v2\/posts\/3134\/revisions\/3151"}],"wp:attachment":[{"href":"https:\/\/dom-orehovica.hr\/index.php?rest_route=%2Fwp%2Fv2%2Fmedia&parent=3134"}],"wp:term":[{"taxonomy":"category","embeddable":true,"href":"https:\/\/dom-orehovica.hr\/index.php?rest_route=%2Fwp%2Fv2%2Fcategories&post=3134"},{"taxonomy":"post_tag","embeddable":true,"href":"https:\/\/dom-orehovica.hr\/index.php?rest_route=%2Fwp%2Fv2%2Ftags&post=3134"}],"curies":[{"name":"wp","href":"https:\/\/api.w.org\/{rel}","templated":true}]}}