{"id":3098,"date":"2022-09-23T07:00:45","date_gmt":"2022-09-23T05:00:45","guid":{"rendered":"https:\/\/dom-orehovica.hr\/?p=3098"},"modified":"2022-09-22T14:21:00","modified_gmt":"2022-09-22T12:21:00","slug":"natjecaj-za-zasnovanje-radnog-odnosa-kuhar-ica-i-njegovatelj-ice","status":"publish","type":"post","link":"https:\/\/dom-orehovica.hr\/?p=3098","title":{"rendered":"Natje\u010daj za zasnovanje radnog odnosa &#8211; kuhar\/ica i njegovatelj\/ice"},"content":{"rendered":"<p style=\"text-align: left;\">Temeljem \u010dlanka 36. Statuta Doma za odrasle osobe Orehovica te uz dobivenu suglasnost Ministarstva rada, mirovinskog sustava, obitelji i socijalne politike KLASA: 100-01\/22-02\/149, URBROJ: 524-08-01-02\/7-22-2, od 14. o\u017eujka 2022. godine, zaprimljenu dana 25. o\u017eujka 2022. godine i suglasnost Ministarstva rada, mirovinskog sustava, obitelji i socijalne politike KLASA: 100-01\/22-02\/493, URBROJ: 524-08-01-02\/7-22-2, od 12. rujna 2022. godine, zaprimljenu 19. rujna 2022. godine, \u010dl. 24. Temeljnog kolektivnog ugovora za slu\u017ebenike i namje\u0161tenike u javnim slu\u017ebama (NN br. 56\/2022) te \u010dl. 4. Pravilnika o radu Doma za odrasle osobe Orehovica, Ravnateljica Doma za odrasle osobe Orehovica raspisuje javni:<\/p>\n<p style=\"text-align: center;\"><strong>NATJE\u010cAJ<\/strong><br \/>\n<strong>za zasnivanje radnog odnosa za radna mjesta<\/strong><\/p>\n<p style=\"text-align: left;\">Za prijem u radni odnos:<\/p>\n<ul>\n<li style=\"text-align: left;\">Njegovatelj\/ica \u2013 2 izvr\u0161itelja\/ice na neodre\u0111eno puno radno vrijeme<\/li>\n<li style=\"text-align: left;\">Kuhar\/ica -1 izvr\u0161itelj\/ica na neodre\u0111eno puno radno vrijeme<\/li>\n<\/ul>\n<p><a href=\"https:\/\/dom-orehovica.hr\/wp-content\/uploads\/2022\/09\/NATJECAJ-KUHAR-I-NJEGOVATELJICE.pdf\"><span style=\"text-decoration: underline; color: #3366ff;\"><em>NATJECAJ &#8211; KUHAR I NJEGOVATELJICE<\/em><\/span><\/a>&nbsp;(pdf)<\/p>\n","protected":false},"excerpt":{"rendered":"<p>Temeljem \u010dlanka 36. Statuta Doma za odrasle osobe Orehovica te uz dobivenu suglasnost Ministarstva rada, mirovinskog sustava, obitelji i socijalne politike KLASA: 100-01\/22-02\/149, URBROJ: 524-08-01-02\/7-22-2, od 14. o\u017eujka 2022. godine, zaprimljenu dana 25. o\u017eujka 2022. godine i suglasnost Ministarstva rada, mirovinskog sustava, obitelji i socijalne politike KLASA: 100-01\/22-02\/493, URBROJ: 524-08-01-02\/7-22-2, od 12. rujna 2022. godine,&hellip;<\/p>\n","protected":false},"author":1,"featured_media":0,"comment_status":"closed","ping_status":"closed","sticky":false,"template":"","format":"standard","meta":{"ngg_post_thumbnail":0,"footnotes":""},"categories":[9],"tags":[],"_links":{"self":[{"href":"https:\/\/dom-orehovica.hr\/index.php?rest_route=\/wp\/v2\/posts\/3098"}],"collection":[{"href":"https:\/\/dom-orehovica.hr\/index.php?rest_route=\/wp\/v2\/posts"}],"about":[{"href":"https:\/\/dom-orehovica.hr\/index.php?rest_route=\/wp\/v2\/types\/post"}],"author":[{"embeddable":true,"href":"https:\/\/dom-orehovica.hr\/index.php?rest_route=\/wp\/v2\/users\/1"}],"replies":[{"embeddable":true,"href":"https:\/\/dom-orehovica.hr\/index.php?rest_route=%2Fwp%2Fv2%2Fcomments&post=3098"}],"version-history":[{"count":1,"href":"https:\/\/dom-orehovica.hr\/index.php?rest_route=\/wp\/v2\/posts\/3098\/revisions"}],"predecessor-version":[{"id":3100,"href":"https:\/\/dom-orehovica.hr\/index.php?rest_route=\/wp\/v2\/posts\/3098\/revisions\/3100"}],"wp:attachment":[{"href":"https:\/\/dom-orehovica.hr\/index.php?rest_route=%2Fwp%2Fv2%2Fmedia&parent=3098"}],"wp:term":[{"taxonomy":"category","embeddable":true,"href":"https:\/\/dom-orehovica.hr\/index.php?rest_route=%2Fwp%2Fv2%2Fcategories&post=3098"},{"taxonomy":"post_tag","embeddable":true,"href":"https:\/\/dom-orehovica.hr\/index.php?rest_route=%2Fwp%2Fv2%2Ftags&post=3098"}],"curies":[{"name":"wp","href":"https:\/\/api.w.org\/{rel}","templated":true}]}}