{"id":3082,"date":"2022-09-01T09:22:53","date_gmt":"2022-09-01T07:22:53","guid":{"rendered":"https:\/\/dom-orehovica.hr\/?p=3082"},"modified":"2022-09-01T09:22:53","modified_gmt":"2022-09-01T07:22:53","slug":"natjecaj-kuhar-i-cistacica","status":"publish","type":"post","link":"https:\/\/dom-orehovica.hr\/?p=3082","title":{"rendered":"Natje\u010daj &#8211; kuhar i \u010dista\u010dica"},"content":{"rendered":"<p style=\"text-align: left;\">RAVNATELJICA DOMA ZA ODRASLE OSOBE OREHOVICA, TEMELJEM \u010cLANKA 36. STATUTA DOMA ZA ODRASLE OSOBE OREHOVICA, RASPISUJE<\/p>\n<p style=\"text-align: center;\"><strong>OGLAS<\/strong><\/p>\n<p style=\"text-align: left;\">Za prijem u radni odnos:<\/p>\n<ol>\n<li style=\"text-align: left;\">KV kuhar\/ica &#8211; 1 \u2013 na odre\u0111eno, zamjena za bolovanje.<\/li>\n<li style=\"text-align: left;\">Pomo\u0107ni radnik\/ica \u2013 \u010dista\u010d\/ica \u2013 1 \u2013 na odre\u0111eno, zamjena za bolovanje.<\/li>\n<\/ol>\n<p>Vi\u0161e u pdf dokumentu:<\/p>\n<p><a href=\"https:\/\/dom-orehovica.hr\/wp-content\/uploads\/2022\/09\/OGLAS-KUHAR-I-CISTACICA-ZAMJENA-ODREDJENO.pdf\"><span style=\"text-decoration: underline; color: #3366ff;\"><em>OGLAS &#8211; KUHAR I CISTACICA &#8211; ZAMJENA &#8211; ODREDJENO<\/em><\/span><\/a>&nbsp;(pdf)<\/p>\n","protected":false},"excerpt":{"rendered":"<p>RAVNATELJICA DOMA ZA ODRASLE OSOBE OREHOVICA, TEMELJEM \u010cLANKA 36. STATUTA DOMA ZA ODRASLE OSOBE OREHOVICA, RASPISUJE OGLAS Za prijem u radni odnos: KV kuhar\/ica &#8211; 1 \u2013 na odre\u0111eno, zamjena za bolovanje. Pomo\u0107ni radnik\/ica \u2013 \u010dista\u010d\/ica \u2013 1 \u2013 na odre\u0111eno, zamjena za bolovanje. Vi\u0161e u pdf dokumentu: OGLAS &#8211; KUHAR I CISTACICA &#8211; ZAMJENA&hellip;<\/p>\n","protected":false},"author":1,"featured_media":0,"comment_status":"closed","ping_status":"closed","sticky":false,"template":"","format":"standard","meta":{"ngg_post_thumbnail":0,"footnotes":""},"categories":[9],"tags":[],"_links":{"self":[{"href":"https:\/\/dom-orehovica.hr\/index.php?rest_route=\/wp\/v2\/posts\/3082"}],"collection":[{"href":"https:\/\/dom-orehovica.hr\/index.php?rest_route=\/wp\/v2\/posts"}],"about":[{"href":"https:\/\/dom-orehovica.hr\/index.php?rest_route=\/wp\/v2\/types\/post"}],"author":[{"embeddable":true,"href":"https:\/\/dom-orehovica.hr\/index.php?rest_route=\/wp\/v2\/users\/1"}],"replies":[{"embeddable":true,"href":"https:\/\/dom-orehovica.hr\/index.php?rest_route=%2Fwp%2Fv2%2Fcomments&post=3082"}],"version-history":[{"count":1,"href":"https:\/\/dom-orehovica.hr\/index.php?rest_route=\/wp\/v2\/posts\/3082\/revisions"}],"predecessor-version":[{"id":3084,"href":"https:\/\/dom-orehovica.hr\/index.php?rest_route=\/wp\/v2\/posts\/3082\/revisions\/3084"}],"wp:attachment":[{"href":"https:\/\/dom-orehovica.hr\/index.php?rest_route=%2Fwp%2Fv2%2Fmedia&parent=3082"}],"wp:term":[{"taxonomy":"category","embeddable":true,"href":"https:\/\/dom-orehovica.hr\/index.php?rest_route=%2Fwp%2Fv2%2Fcategories&post=3082"},{"taxonomy":"post_tag","embeddable":true,"href":"https:\/\/dom-orehovica.hr\/index.php?rest_route=%2Fwp%2Fv2%2Ftags&post=3082"}],"curies":[{"name":"wp","href":"https:\/\/api.w.org\/{rel}","templated":true}]}}