{"id":2973,"date":"2022-04-06T10:47:10","date_gmt":"2022-04-06T08:47:10","guid":{"rendered":"https:\/\/dom-orehovica.hr\/?p=2973"},"modified":"2022-04-06T10:47:49","modified_gmt":"2022-04-06T08:47:49","slug":"natjecaj-za-7-radnih-mjesta","status":"publish","type":"post","link":"https:\/\/dom-orehovica.hr\/?p=2973","title":{"rendered":"Natje\u010daj za 7 radnih mjesta"},"content":{"rendered":"<p style=\"text-align: left;\">Temeljem \u010dlanka 36. Statuta Doma za odrasle osobe Orehovica te uz dobivenu suglasnost Ministarstva rada, mirovinskog sustava, obitelji i socijalne politike KLASA: 100-01\/22-02\/149, URBROJ: 524-08-01-02\/7-22-2, od 14. o\u017eujka 2022. godine, zaprimljenu dana 25. o\u017eujka 2022. godine i suglasnost Ministarstva rada, mirovinskog sustava, obitelji i socijalne politike KLASA: 100-01\/21-02\/1289, URBROJ: 524-08-01-02\/7-21-2 od 05. studenog 2021. godine, zaprimljenu 17. studenog 2021. godine, \u010dl. 24. Temeljnog kolektivnog ugovora za slu\u017ebenike i namje\u0161tenike u javnim slu\u017ebama (NN br. 128\/17, 47\/18, 123\/19, 66\/20) te \u010dl. 4. Pravilnika o radu Doma za odrasle osobe Orehovica, Ravnateljica Doma za odrasle osobe Orehovica raspisuje javni:<\/p>\n<p style=\"text-align: center;\"><strong>NATJE\u010cAJ<\/strong><br \/>\nza zasnivanje radnog odnosa za radna mjesta<\/p>\n<p style=\"text-align: left;\">Za prijem u radni odnos:<\/p>\n<ol>\n<li style=\"text-align: left;\"><strong>Njegovatelj\/ica \u2013 2 izvr\u0161itelja\/ice na neodre\u0111eno puno radno vrijeme<\/strong><\/li>\n<li style=\"text-align: left;\"><strong>Medicinska sestra\/tehni\u010dar SSS -1 izvr\u0161itelj\/ica na neodre\u0111eno puno radno vrijeme<\/strong><\/li>\n<li style=\"text-align: left;\"><strong>Medicinska sestra\/tehni\u010dar V\u0160S -1 izvr\u0161itelj\/ica na neodre\u0111eno puno radno vrijeme<\/strong><\/li>\n<li style=\"text-align: left;\"><strong>Fizioterapeut V\u0160S -1 izvr\u0161itelj\/ica na neodre\u0111eno puno radno vrijeme<\/strong><\/li>\n<li style=\"text-align: left;\"><strong>Radni terapeut V\u0160S -1 izvr\u0161itelj\/ica na neodre\u0111eno puno radno vrijeme<\/strong><\/li>\n<li style=\"text-align: left;\"><strong>Pomo\u0107ni radnik\/ica \u2013 portir\/ka -1 izvr\u0161itelj\/ica na neodre\u0111eno puno radno vrijeme<\/strong><\/li>\n<\/ol>\n<p style=\"text-align: left;\">Vi\u0161e u pdf dokumentu:<\/p>\n<p><a href=\"https:\/\/dom-orehovica.hr\/wp-content\/uploads\/2022\/04\/Natjecaj-za-7-radnih-mjesta.pdf\"><span style=\"text-decoration: underline; color: #3366ff;\"><em>Natjecaj za 7 radnih mjesta<\/em><\/span><\/a>&nbsp;(pdf)<\/p>\n","protected":false},"excerpt":{"rendered":"<p>Temeljem \u010dlanka 36. Statuta Doma za odrasle osobe Orehovica te uz dobivenu suglasnost Ministarstva rada, mirovinskog sustava, obitelji i socijalne politike KLASA: 100-01\/22-02\/149, URBROJ: 524-08-01-02\/7-22-2, od 14. o\u017eujka 2022. godine, zaprimljenu dana 25. o\u017eujka 2022. godine i suglasnost Ministarstva rada, mirovinskog sustava, obitelji i socijalne politike KLASA: 100-01\/21-02\/1289, URBROJ: 524-08-01-02\/7-21-2 od 05. studenog 2021. godine,&hellip;<\/p>\n","protected":false},"author":1,"featured_media":0,"comment_status":"closed","ping_status":"closed","sticky":false,"template":"","format":"standard","meta":{"ngg_post_thumbnail":0,"footnotes":""},"categories":[9],"tags":[],"_links":{"self":[{"href":"https:\/\/dom-orehovica.hr\/index.php?rest_route=\/wp\/v2\/posts\/2973"}],"collection":[{"href":"https:\/\/dom-orehovica.hr\/index.php?rest_route=\/wp\/v2\/posts"}],"about":[{"href":"https:\/\/dom-orehovica.hr\/index.php?rest_route=\/wp\/v2\/types\/post"}],"author":[{"embeddable":true,"href":"https:\/\/dom-orehovica.hr\/index.php?rest_route=\/wp\/v2\/users\/1"}],"replies":[{"embeddable":true,"href":"https:\/\/dom-orehovica.hr\/index.php?rest_route=%2Fwp%2Fv2%2Fcomments&post=2973"}],"version-history":[{"count":2,"href":"https:\/\/dom-orehovica.hr\/index.php?rest_route=\/wp\/v2\/posts\/2973\/revisions"}],"predecessor-version":[{"id":2976,"href":"https:\/\/dom-orehovica.hr\/index.php?rest_route=\/wp\/v2\/posts\/2973\/revisions\/2976"}],"wp:attachment":[{"href":"https:\/\/dom-orehovica.hr\/index.php?rest_route=%2Fwp%2Fv2%2Fmedia&parent=2973"}],"wp:term":[{"taxonomy":"category","embeddable":true,"href":"https:\/\/dom-orehovica.hr\/index.php?rest_route=%2Fwp%2Fv2%2Fcategories&post=2973"},{"taxonomy":"post_tag","embeddable":true,"href":"https:\/\/dom-orehovica.hr\/index.php?rest_route=%2Fwp%2Fv2%2Ftags&post=2973"}],"curies":[{"name":"wp","href":"https:\/\/api.w.org\/{rel}","templated":true}]}}