{"id":2936,"date":"2022-03-09T07:00:28","date_gmt":"2022-03-09T06:00:28","guid":{"rendered":"https:\/\/dom-orehovica.hr\/?p=2936"},"modified":"2022-03-08T13:03:32","modified_gmt":"2022-03-08T12:03:32","slug":"natjecaj-njegovatelj-ica-7","status":"publish","type":"post","link":"https:\/\/dom-orehovica.hr\/?p=2936","title":{"rendered":"Natje\u010daj &#8211; Njegovatelj\/ica"},"content":{"rendered":"<p style=\"text-align: left;\">RAVNATELJICA DOMA ZA ODRASLE OSOBE OREHOVICA, TEMELJEM \u010cLANKA 36. STATUTA DOMA ZA ODRASLE OSOBE UZ DOBIVENU SUGLASNOST MINITARSTVA MIROVINSKOG RADA, MIROVINSKOG SUSTAVA, OBITELJI I SOCIJALNE POLITIKE KLASA: 100-01\/22-02\/116, URBROJ: 524-08-01-02\/7-22-2, OD 01. O\u017dUJKA 2022. GODINE, ZAPRIMLJENU DANA 08. O\u017dUJKA 2022. GODINE, RASPISUJE<\/p>\n<p style=\"text-align: center;\"><strong>NATJE\u010cAJ<\/strong><\/p>\n<p style=\"text-align: left;\">Za prijem u radni odnos:<\/p>\n<ul>\n<li style=\"text-align: left;\"><strong>Njegovatelj\/ica \u2013 2 izvr\u0161itelja\/ice na neodre\u0111eno puno radno vrijeme<\/strong><\/li>\n<\/ul>\n<p style=\"text-align: left;\">Posebni uvjeti:<\/p>\n<ul>\n<li style=\"text-align: left;\">zavr\u0161eno osnovno\u0161kolsko obrazovanje,<\/li>\n<li style=\"text-align: left;\">polo\u017een te\u010daj za njegu,<\/li>\n<li style=\"text-align: left;\">polo\u017een voza\u010dki ispit \u201eB\u201c kategorije<\/li>\n<\/ul>\n<p style=\"text-align: left;\">Uz pisanu prijavu na natje\u010daj, zainteresirani kandidati\/kandidatkinje trebaju prilo\u017eiti:<\/p>\n<ul>\n<li style=\"text-align: left;\">\u017eivotopis,<\/li>\n<li style=\"text-align: left;\">dokaz o ste\u010denoj kvalifikaciji\/preslika svjedod\u017ebe, preslika uvjerenja o polo\u017eenom te\u010daju za njegu\/,<\/li>\n<li style=\"text-align: left;\">dokaz o hrvatskom dr\u017eavljanstvu,<\/li>\n<li style=\"text-align: left;\">preslika potvrde o podacima evidentiranim u mati\u010dnoj evidenciji HZMO-a,<\/li>\n<li style=\"text-align: left;\">uvjerenje o neka\u017enjavanju \/u izvorniku, ne starije od 3 mjeseca\/.<\/li>\n<\/ul>\n<p style=\"text-align: left;\">Kandidati koji ostvaruju pravo prednosti pri zapo\u0161ljavanju na temelju posebnog zakona, u prijavi su du\u017eni pozvati se na to pravo te dostaviti dokaze o priznavanju posebnog statusa, te dokaz o na\u010dinu prestanka radnog odnosa kod prethodnog poslodavca.<\/p>\n<p style=\"text-align: left;\">Kandidati koji se pozivaju na pravo prednosti prilikom zapo\u0161ljavanja sukladno \u010dlanku 102. Zakona o hrvatskim braniteljima iz Domovinskog rata i \u010dlanovima njihovih obitelji (Narodne novine br. 121\/17), a koji u trenutku podno\u0161enja prijave ispunjavaju uvjete za ostvarivanje tog prava, du\u017eni su uz prijavu na javni natje\u010daj prilo\u017eiti sve dokaze o ispunjavanju tra\u017eenih uvjeta iz natje\u010daja i dokaze za ostvarivanje prava prednosti prilikom zapo\u0161ljavanja.<\/p>\n<p style=\"text-align: left;\">Sukladno obvezi iz \u010dlanka 103. stavka 3. Zakona o hrvatskim braniteljima iz Domovinskog rata i \u010dlanovima njihovih obitelji (Narodne novine br. 121\/17), objavljujemo poveznicu na internetsku stranicu Ministarstva branitelja na kojoj su navedeni dokazi potrebni za ostvarivanje prava prednosti prilikom zapo\u0161ljavanja:<\/p>\n<p style=\"text-align: left;\"><a href=\"https:\/\/gov.hr\/moja-uprava\/hrvatski-branitelji\/zaposljavanje\/prednost-pri-zaposljavanju\/403\"><span style=\"text-decoration: underline; color: #3366ff;\"><em>https:\/\/gov.hr\/moja-uprava\/hrvatski-branitelji\/zaposljavanje\/prednost-pri-zaposljavanju\/403<\/em><\/span><\/a>.<\/p>\n<p style=\"text-align: left;\">Kandidatima prijavljenim na natje\u010daj smatrat \u0107e se samo osoba koja podnese pravovremenu i urednu prijavu sa svim prilozima te ispunjava formalne uvjete iz natje\u010daja.<\/p>\n<p style=\"text-align: left;\">Kandidati koji podnesu pravovremenu i urednu prijavu i ispunjavaju formalne uvjete iz natje\u010daja mogu biti pozvani na razgovor vezan uz provjeru znanja, sposobnosti i vje\u0161tina bitnih za obavljanje poslova radnog mjesta, objavom dana i sata razgovora na web stranici ustanove. Nepravodobne i nepotpune prijave ne\u0107e se razmatrati.<\/p>\n<p style=\"text-align: left;\">Do dono\u0161enja odluke o izboru, natje\u010daj mo\u017ee biti poni\u0161ten.<\/p>\n<p style=\"text-align: left;\">Prijave se podnose u pisanom obliku u roku od 8 dana od objave natje\u010daja u \u201cNarodnim novinama\u201c na adresu: Dom za odrasle osobe Orehovica, Augusta \u0160enoe 2, 40322 Orehovica s naznakom: \u201ePrijava na natje\u010daj za radno mjesto njegovatelj\/ica\u201c.<\/p>\n<p style=\"text-align: left;\">Objavom obavijesti o izboru kandidata na web stranici ustanove u roku od osam dana od dana izbora kandidata, kandidati \u0107e biti obavije\u0161teni o rezultatu natje\u010daja.<\/p>\n<p style=\"text-align: left;\">KLASA: 112-01\/22-02\/3<br \/>\nURBROJ: 2109-112-01\/1-21-1<\/p>\n<p style=\"text-align: left;\">U Orehovici, 09. o\u017eujka 2022. godine.<\/p>\n<p style=\"text-align: right;\">Dom za odrasle osobe Orehovica<\/p>\n<p style=\"text-align: right;\">Ravnateljica:<br \/>\nSuzana Belovi\u0107, dipl. soc. radnica<\/p>\n","protected":false},"excerpt":{"rendered":"<p>RAVNATELJICA DOMA ZA ODRASLE OSOBE OREHOVICA, TEMELJEM \u010cLANKA 36. STATUTA DOMA ZA ODRASLE OSOBE UZ DOBIVENU SUGLASNOST MINITARSTVA MIROVINSKOG RADA, MIROVINSKOG SUSTAVA, OBITELJI I SOCIJALNE POLITIKE KLASA: 100-01\/22-02\/116, URBROJ: 524-08-01-02\/7-22-2, OD 01. O\u017dUJKA 2022. GODINE, ZAPRIMLJENU DANA 08. O\u017dUJKA 2022. GODINE, RASPISUJE NATJE\u010cAJ Za prijem u radni odnos: Njegovatelj\/ica \u2013 2 izvr\u0161itelja\/ice na neodre\u0111eno puno&hellip;<\/p>\n","protected":false},"author":1,"featured_media":0,"comment_status":"closed","ping_status":"closed","sticky":false,"template":"","format":"standard","meta":{"ngg_post_thumbnail":0,"footnotes":""},"categories":[9],"tags":[],"_links":{"self":[{"href":"https:\/\/dom-orehovica.hr\/index.php?rest_route=\/wp\/v2\/posts\/2936"}],"collection":[{"href":"https:\/\/dom-orehovica.hr\/index.php?rest_route=\/wp\/v2\/posts"}],"about":[{"href":"https:\/\/dom-orehovica.hr\/index.php?rest_route=\/wp\/v2\/types\/post"}],"author":[{"embeddable":true,"href":"https:\/\/dom-orehovica.hr\/index.php?rest_route=\/wp\/v2\/users\/1"}],"replies":[{"embeddable":true,"href":"https:\/\/dom-orehovica.hr\/index.php?rest_route=%2Fwp%2Fv2%2Fcomments&post=2936"}],"version-history":[{"count":2,"href":"https:\/\/dom-orehovica.hr\/index.php?rest_route=\/wp\/v2\/posts\/2936\/revisions"}],"predecessor-version":[{"id":2938,"href":"https:\/\/dom-orehovica.hr\/index.php?rest_route=\/wp\/v2\/posts\/2936\/revisions\/2938"}],"wp:attachment":[{"href":"https:\/\/dom-orehovica.hr\/index.php?rest_route=%2Fwp%2Fv2%2Fmedia&parent=2936"}],"wp:term":[{"taxonomy":"category","embeddable":true,"href":"https:\/\/dom-orehovica.hr\/index.php?rest_route=%2Fwp%2Fv2%2Fcategories&post=2936"},{"taxonomy":"post_tag","embeddable":true,"href":"https:\/\/dom-orehovica.hr\/index.php?rest_route=%2Fwp%2Fv2%2Ftags&post=2936"}],"curies":[{"name":"wp","href":"https:\/\/api.w.org\/{rel}","templated":true}]}}