{"id":2915,"date":"2022-02-04T08:53:50","date_gmt":"2022-02-04T07:53:50","guid":{"rendered":"https:\/\/dom-orehovica.hr\/?p=2915"},"modified":"2022-02-08T08:57:38","modified_gmt":"2022-02-08T07:57:38","slug":"natjecaj-strucni-radnik-i-vrste-socijalni-radnik","status":"publish","type":"post","link":"https:\/\/dom-orehovica.hr\/?p=2915","title":{"rendered":"NATJE\u010cAJ &#8211; STRU\u010cNI RADNIK I. VRSTE &#8211; SOCIJALNI RADNIK"},"content":{"rendered":"<p style=\"text-align: left;\">Na temelju \u010dlanka 36. Statuta Doma za odrasle osobe Orehovica, te suglasnosti Ministarstva za demografiju, obitelj, mlade i socijalnu politiku, Klasa: 100-01\/22-02\/48, URBROJ: 524-08-01-02\/8-22-2 od 26. sije\u010dnja 2022. godine, ravnateljica Doma za odrasle osobe Orehovica objavljuje<\/p>\n<p style=\"text-align: center;\"><strong>JAVNI NATJE\u010cAJ<\/strong><\/p>\n<p style=\"text-align: left;\">Za prijem u radni odnos:<\/p>\n<ul>\n<li style=\"text-align: left;\"><strong>stru\u010dni radnik I. vrste \u2013 socijalni radnik<\/strong><\/li>\n<\/ul>\n<p style=\"text-align: left;\"><strong>Uvjeti:<\/strong><\/p>\n<ul>\n<li style=\"text-align: left;\">zavr\u0161en diplomski sveu\u010dili\u0161ni studij socijalnog rada<\/li>\n<\/ul>\n<p style=\"text-align: left;\"><strong>Posebni uvjeti:<\/strong><\/p>\n<ul>\n<li style=\"text-align: left;\">polo\u017een stru\u010dni ispit<\/li>\n<li style=\"text-align: left;\">odobrenje za samostalan rad<\/li>\n<li style=\"text-align: left;\">samostalna upotreba ra\u010dunala<\/li>\n<li style=\"text-align: left;\">polo\u017een voza\u010dki ispit \u201eB\u201c kategorije<\/li>\n<\/ul>\n<p style=\"text-align: left;\">Kandidati su <strong>uz prijavu<\/strong> na natje\u010daj du\u017eni dostaviti:<\/p>\n<p style=\"text-align: left;\">zamolbu (vlastoru\u010dno potpisanu),<\/p>\n<ul>\n<li style=\"text-align: left;\">\u017eivotopis,<\/li>\n<li style=\"text-align: left;\">presliku domovnice,<\/li>\n<li style=\"text-align: left;\">presliku diplome,<\/li>\n<li style=\"text-align: left;\">presliku odobrenja za samostalan rad,<\/li>\n<li style=\"text-align: left;\">presliku uvjerenja o polo\u017eenom stru\u010dnom ispitu,<\/li>\n<li style=\"text-align: left;\">uvjerenje o neka\u017enjavanju \/u izvorniku, ne starije od 30 dana.<\/li>\n<\/ul>\n<p style=\"text-align: left;\">U radni odnos ne mo\u017ee biti primljena osoba za \u010diji prijem postoje zapreke iz odredbe \u010dlanka 213. Zakona o socijalnoj skrbi (Narodne novine broj 157\/13, 152\/14, 99\/15, 52\/16, 16\/17, 130\/2017, 98\/19, 64\/20 i 138\/20).<\/p>\n<p>&nbsp;<\/p>\n<p>Vi\u0161e u pdf dokumentu:<\/p>\n<p><span style=\"text-decoration: underline; color: #3366ff;\"><em><a style=\"color: #3366ff; text-decoration: underline;\" href=\"https:\/\/dom-orehovica.hr\/wp-content\/uploads\/2022\/02\/NATJECAJ-STRUCNI_RADNIK_I_VRSTE-SOCIJALNI_RADNIK.pdf\">NATJECAJ-STRUCNI_RADNIK_I_VRSTE-SOCIJALNI_RADNIK<\/a><\/em><\/span>&nbsp;(pdf)<\/p>\n","protected":false},"excerpt":{"rendered":"<p>Na temelju \u010dlanka 36. Statuta Doma za odrasle osobe Orehovica, te suglasnosti Ministarstva za demografiju, obitelj, mlade i socijalnu politiku, Klasa: 100-01\/22-02\/48, URBROJ: 524-08-01-02\/8-22-2 od 26. sije\u010dnja 2022. godine, ravnateljica Doma za odrasle osobe Orehovica objavljuje JAVNI NATJE\u010cAJ Za prijem u radni odnos: stru\u010dni radnik I. vrste \u2013 socijalni radnik Uvjeti: zavr\u0161en diplomski sveu\u010dili\u0161ni studij&hellip;<\/p>\n","protected":false},"author":1,"featured_media":0,"comment_status":"closed","ping_status":"closed","sticky":false,"template":"","format":"standard","meta":{"ngg_post_thumbnail":0,"footnotes":""},"categories":[9],"tags":[],"_links":{"self":[{"href":"https:\/\/dom-orehovica.hr\/index.php?rest_route=\/wp\/v2\/posts\/2915"}],"collection":[{"href":"https:\/\/dom-orehovica.hr\/index.php?rest_route=\/wp\/v2\/posts"}],"about":[{"href":"https:\/\/dom-orehovica.hr\/index.php?rest_route=\/wp\/v2\/types\/post"}],"author":[{"embeddable":true,"href":"https:\/\/dom-orehovica.hr\/index.php?rest_route=\/wp\/v2\/users\/1"}],"replies":[{"embeddable":true,"href":"https:\/\/dom-orehovica.hr\/index.php?rest_route=%2Fwp%2Fv2%2Fcomments&post=2915"}],"version-history":[{"count":1,"href":"https:\/\/dom-orehovica.hr\/index.php?rest_route=\/wp\/v2\/posts\/2915\/revisions"}],"predecessor-version":[{"id":2917,"href":"https:\/\/dom-orehovica.hr\/index.php?rest_route=\/wp\/v2\/posts\/2915\/revisions\/2917"}],"wp:attachment":[{"href":"https:\/\/dom-orehovica.hr\/index.php?rest_route=%2Fwp%2Fv2%2Fmedia&parent=2915"}],"wp:term":[{"taxonomy":"category","embeddable":true,"href":"https:\/\/dom-orehovica.hr\/index.php?rest_route=%2Fwp%2Fv2%2Fcategories&post=2915"},{"taxonomy":"post_tag","embeddable":true,"href":"https:\/\/dom-orehovica.hr\/index.php?rest_route=%2Fwp%2Fv2%2Ftags&post=2915"}],"curies":[{"name":"wp","href":"https:\/\/api.w.org\/{rel}","templated":true}]}}