{"id":2815,"date":"2021-09-17T07:00:50","date_gmt":"2021-09-17T05:00:50","guid":{"rendered":"https:\/\/dom-orehovica.hr\/?p=2815"},"modified":"2021-09-16T16:08:21","modified_gmt":"2021-09-16T14:08:21","slug":"natjecaj-kuhar-ica","status":"publish","type":"post","link":"https:\/\/dom-orehovica.hr\/?p=2815","title":{"rendered":"Natje\u010daj kuhar\/ica"},"content":{"rendered":"<p style=\"text-align: left;\">Na temelju \u010dlanka 36. Statuta Doma za odrasle osobe Orehovica te suglasnosti Ministarstva rada, mirovinskog sustava, obitelji i socijalne politike, Klasa: 100-01\/21-02\/1001, URBROJ: 524-08-01-02\/3-21-2 od 07. rujna 2021. godine, ravnateljica Doma za odrasle osobe Orehovica objavljuje<\/p>\n<p style=\"text-align: center;\"><strong>JAVNI NATJE\u010cAJ<\/strong><\/p>\n<p style=\"text-align: left;\">Za prijem u radni odnos na neodre\u0111eno puno radno vrijeme:<\/p>\n<ul>\n<li style=\"text-align: left;\"><strong>Kuhar<\/strong> m\/\u017e<\/li>\n<\/ul>\n<p style=\"text-align: left;\">Stru\u010dna sprema:<\/p>\n<ul>\n<li style=\"text-align: left;\">zavr\u0161eno srednjo\u0161kolsko obrazovanje za kuhara<\/li>\n<\/ul>\n<p style=\"text-align: left;\">Posebni <strong>uvjeti<\/strong>:<\/p>\n<ul>\n<li style=\"text-align: left;\">jedna godina radnog iskustva na odgovaraju\u0107im poslovima<\/li>\n<li style=\"text-align: left;\">voza\u010dka dozvola \u201eB\u201c kategorije<\/li>\n<li style=\"text-align: left;\">aktivna upotreba ra\u010dunala<\/li>\n<\/ul>\n<p style=\"text-align: left;\">Kandidati su <strong>uz prijavu<\/strong> na natje\u010daj du\u017eni dostaviti:<\/p>\n<ul>\n<li style=\"text-align: left;\">zamolbu (vlastoru\u010dno potpisanu),<\/li>\n<li style=\"text-align: left;\">\u017eivotopis,<\/li>\n<li style=\"text-align: left;\">presliku domovnice,<\/li>\n<li style=\"text-align: left;\">presliku svjedod\u017ebe,<\/li>\n<li style=\"text-align: left;\">presliku voza\u010dke dozvole B kategorije.<\/li>\n<li style=\"text-align: left;\">dokaz o radnom sta\u017eu (elektroni\u010dki zapis Hrvatskog zavoda za mirovinsko osiguranje),<\/li>\n<li style=\"text-align: left;\">uvjerenje o neka\u017enjavanju \/u izvorniku, ne starije od 30 dana\/,<\/li>\n<\/ul>\n<p style=\"text-align: left;\">U radni odnos ne mo\u017ee biti primljena osoba za \u010diji prijem postoje zapreke iz odredbe \u010dlanka 213. Zakona o socijalnoj skrbi (Narodne novine broj 157\/13, 152\/14, 99\/15, 52\/16, 16\/17, 130\/2017, 98\/19 i 64\/20).<\/p>\n<p>&nbsp;<\/p>\n<p>Vi\u0161e u pdf dokumentu:<\/p>\n<p><a href=\"https:\/\/dom-orehovica.hr\/wp-content\/uploads\/2021\/09\/NATJECAJ-KUHARICA-NEODREDJENO.pdf\"><span style=\"text-decoration: underline; color: #3366ff;\"><em>NATJECAJ &#8211; KUHARICA &#8211; NEODREDJENO<\/em><\/span><\/a>&nbsp;(pdf)<\/p>\n","protected":false},"excerpt":{"rendered":"<p>Na temelju \u010dlanka 36. Statuta Doma za odrasle osobe Orehovica te suglasnosti Ministarstva rada, mirovinskog sustava, obitelji i socijalne politike, Klasa: 100-01\/21-02\/1001, URBROJ: 524-08-01-02\/3-21-2 od 07. rujna 2021. godine, ravnateljica Doma za odrasle osobe Orehovica objavljuje JAVNI NATJE\u010cAJ Za prijem u radni odnos na neodre\u0111eno puno radno vrijeme: Kuhar m\/\u017e Stru\u010dna sprema: zavr\u0161eno srednjo\u0161kolsko obrazovanje&hellip;<\/p>\n","protected":false},"author":1,"featured_media":0,"comment_status":"closed","ping_status":"closed","sticky":false,"template":"","format":"standard","meta":{"ngg_post_thumbnail":0,"footnotes":""},"categories":[9],"tags":[],"_links":{"self":[{"href":"https:\/\/dom-orehovica.hr\/index.php?rest_route=\/wp\/v2\/posts\/2815"}],"collection":[{"href":"https:\/\/dom-orehovica.hr\/index.php?rest_route=\/wp\/v2\/posts"}],"about":[{"href":"https:\/\/dom-orehovica.hr\/index.php?rest_route=\/wp\/v2\/types\/post"}],"author":[{"embeddable":true,"href":"https:\/\/dom-orehovica.hr\/index.php?rest_route=\/wp\/v2\/users\/1"}],"replies":[{"embeddable":true,"href":"https:\/\/dom-orehovica.hr\/index.php?rest_route=%2Fwp%2Fv2%2Fcomments&post=2815"}],"version-history":[{"count":1,"href":"https:\/\/dom-orehovica.hr\/index.php?rest_route=\/wp\/v2\/posts\/2815\/revisions"}],"predecessor-version":[{"id":2817,"href":"https:\/\/dom-orehovica.hr\/index.php?rest_route=\/wp\/v2\/posts\/2815\/revisions\/2817"}],"wp:attachment":[{"href":"https:\/\/dom-orehovica.hr\/index.php?rest_route=%2Fwp%2Fv2%2Fmedia&parent=2815"}],"wp:term":[{"taxonomy":"category","embeddable":true,"href":"https:\/\/dom-orehovica.hr\/index.php?rest_route=%2Fwp%2Fv2%2Fcategories&post=2815"},{"taxonomy":"post_tag","embeddable":true,"href":"https:\/\/dom-orehovica.hr\/index.php?rest_route=%2Fwp%2Fv2%2Ftags&post=2815"}],"curies":[{"name":"wp","href":"https:\/\/api.w.org\/{rel}","templated":true}]}}