{"id":2473,"date":"2020-04-01T08:00:41","date_gmt":"2020-04-01T06:00:41","guid":{"rendered":"http:\/\/dom-orehovica.hr\/?p=2473"},"modified":"2020-04-01T08:51:20","modified_gmt":"2020-04-01T06:51:20","slug":"natjecaj-za-izbor-i-imenovanje-ravnatelja-ice-doma","status":"publish","type":"post","link":"https:\/\/dom-orehovica.hr\/?p=2473","title":{"rendered":"Natje\u010daj za izbor i imenovanje ravnatelja\/ice Doma"},"content":{"rendered":"<p style=\"text-align: justify;\">Na temelju \u010dlanaka 40. i 41. Zakona o ustanovama (Narodne novine 76\/93, 29\/97, 47\/99, 35\/08, 127\/19), \u010dlanaka 153., 154. i 155. Zakona o socijalnoj skrbi (Narodne novine br. 157\/13, 152\/14, 99\/15, 52\/16 i 16\/17, 130\/17, 98\/19) i \u010dlanka 31. Statuta Doma odrasle osobe Orehovica Upravno vije\u0107e Doma, na temelju Odluke donesene 27. o\u017eujka 2020. godine., raspisuje<\/p>\n<p style=\"text-align: justify;\">&nbsp;<\/p>\n<p style=\"text-align: center;\"><strong>N A T J E \u010c A J<\/strong><\/p>\n<p style=\"text-align: center;\">za izbor i imenovanje ravnatelja\/ice Doma za odrasle osobe Orehovica<\/p>\n<p style=\"text-align: justify;\">&nbsp;<\/p>\n<p style=\"text-align: justify;\">Za ravnatelja\/icu mo\u017ee biti imenovana osoba koja ispunjava sljede\u0107e uvjete:<\/p>\n<ul>\n<li style=\"text-align: justify;\">zavr\u0161en preddiplomski i diplomski sveu\u010dili\u0161ni studij ili integrirani preddiplomski i diplomski sveu\u010dili\u0161ni studij socijalnog rada, socijalne politike, prava, psihologije, sociologije, socijalne pedagogije, edukacijske rehabilitacije, logopedije, pedagogije, medicinskih, humanisti\u010dkih ili drugih dru\u0161tvenih znanosti<\/li>\n<li style=\"text-align: justify;\">najmanje pet godina radnog sta\u017ea u propisanom akademskom zvanju i akademskom stupnju, od kojih najmanje tri godine u djelatnosti socijalne skrbi ili u drugoj dru\u0161tvenoj djelatnosti u propisanom akademskom zvanju i akademskom stupnju<\/li>\n<li style=\"text-align: justify;\">u odnosu na koju ne postoji zapreka iz \u010dlanka 213. stavka 1. Zakona o socijalnoj skrbi<\/li>\n<li style=\"text-align: justify;\">hrvatsko dr\u017eavljanstvo.<\/li>\n<\/ul>\n<p style=\"text-align: justify;\">Iznimno, ako se na javni natje\u010daj ne javi nijedan kandidat koji ispunjava uvjete iz stavka 1. podstavka 1. \u010dl. 154. Zakona o socijalnoj skrbi, za ravnatelja doma socijalne skrbi mo\u017ee biti imenovana osoba koja ima zavr\u0161en odgovaraju\u0107i preddiplomski studij iz stavka 1. podstavka 1. \u010dlanka 154. i ispunjava uvjete iz stavka 1. podstavaka 2. i 3. \u010dl. 154. Zakona o socijalnoj skrbi.<\/p>\n<p style=\"text-align: justify;\">Ravnatelja\/icu Doma imenuje Upravno vije\u0107e Doma na mandat od \u010detiri godine, a ista osoba mo\u017ee biti ponovno imenovana za ravnatelja\/icu.<\/p>\n<p style=\"text-align: justify;\">Upravno vije\u0107e Doma \u0107e, s izabranim kandidatom za radno mjesto ravnatelja\/ice, nakon dono\u0161enja odluke o imenovanju, sklopiti ugovor o radu na odre\u0111eno vrijeme od \u010detiri godine u punom radnom vremenu.<\/p>\n<p style=\"text-align: justify;\">Uz pisanu prijavu za natje\u010daj kandidati su du\u017eni dostaviti sljede\u0107u dokumentaciju:<\/p>\n<ul>\n<li style=\"text-align: justify;\">\u017eivotopis,<\/li>\n<li style=\"text-align: justify;\">domovnicu ili presliku osobne iskaznice,<\/li>\n<li style=\"text-align: justify;\">dokaz o ste\u010denoj stru\u010dnoj spremi (diploma),<\/li>\n<li style=\"text-align: justify;\">dokaz o radnom sta\u017eu (elektroni\u010dki zapis Hrvatskog zavoda za mirovinsko osiguranje),<\/li>\n<li style=\"text-align: justify;\">uvjerenje da nije pokrenut kazneni postupak ne starije od 30 dana.<\/li>\n<\/ul>\n<p style=\"text-align: justify;\">Kandidati koji ostvaruju pravo prednosti pri zapo\u0161ljavanju na temelju posebnog zakona, u prijavi su du\u017eni pozvati se na to pravo te dostaviti dokaze o priznavanju posebnog statusa, te dokaz o na\u010dinu prestanka radnog odnosa kod prethodnog poslodavca.<\/p>\n<p style=\"text-align: justify;\">Kandidati koji se pozivaju na pravo prednosti prilikom zapo\u0161ljavanja sukladno \u010dlanku 102. Zakona o hrvatskim braniteljima iz Domovinskog rata i \u010dlanovima njihovih obitelji (Narodne novine br. 121\/17), a koji u trenutku podno\u0161enja prijave ispunjavaju uvjete za ostvarivanje tog prava, du\u017eni su uz prijavu na javni natje\u010daj prilo\u017eiti sve dokaze o ispunjavanju tra\u017eenih uvjeta iz natje\u010daja i dokaze za ostvarivanje prava prednosti prilikom zapo\u0161ljavanja.<\/p>\n<p style=\"text-align: justify;\">Sukladno obvezi iz \u010dlanka 103. stavka 3. Zakona o hrvatskim braniteljima iz Domovinskog rata i \u010dlanovima njihovih obitelji (Narodne novine br. 121\/17), objavljujemo poveznicu na internetsku stranicu Ministarstva branitelja na kojoj su navedeni dokazi potrebni za ostvarivanje prava prednosti prilikom zapo\u0161ljavanja:<\/p>\n<p style=\"text-align: justify;\"><a href=\"https:\/\/gov.hr\/moja-uprava\/hrvatski-branitelji\/zaposljavanje\/prednost-pri-zaposljavanju\/403\" target=\"_blank\" rel=\"noopener\"><span style=\"text-decoration: underline; color: #3366ff;\"><em>https:\/\/gov.hr\/moja-uprava\/hrvatski-branitelji\/zaposljavanje\/prednost-pri-zaposljavanju\/403<\/em><\/span><\/a>.<\/p>\n<p style=\"text-align: justify;\">Upravno vije\u0107e \u0107e prije odluke o izboru kandidata zatra\u017eiti izvornike dokumentacije.<\/p>\n<p style=\"text-align: justify;\">Napomena: Dokaz da kod pojedinog kandidata ne postoji zapreka iz \u010dlanka 213. stavka 1. Zakona o socijalnoj skrbi, pribaviti \u0107e po slu\u017ebenoj du\u017enosti Dom.<\/p>\n<p style=\"text-align: justify;\">Kandidati koji podnesu pravovremenu i urednu prijavu i ispunjavaju formalne uvjete iz Natje\u010daja mogu biti pozvani na razgovor.<\/p>\n<p style=\"text-align: justify;\">Kandidat koji ne pristupi razgovoru smatra se da je povukao prijavu i vi\u0161e se ne smatra kandidatom prijavljenim na Natje\u010daj.<\/p>\n<p style=\"text-align: justify;\">Prijave s potrebnom dokumentacijom o ispunjavanju uvjeta iz natje\u010daja podnose se na adresu: Dom za odrasle osobe Orehovica, Augusta \u0160enoe 2, 40322 Orehovica, s naznakom Upravno vije\u0107e &#8211; \u201eNatje\u010daj za ravnatelja\/icu \u2013 ne otvarati\u201c, u roku od 8 dana od objave natje\u010daja u Narodnim novinama .<\/p>\n<p style=\"text-align: justify;\">Nepotpune i nepravovremene prijave ne\u0107e se razmatrati.<\/p>\n<p style=\"text-align: justify;\">Kandidati \u0107e o rezultatu natje\u010daja biti obavije\u0161teni u zakonskom roku.<\/p>\n<p style=\"text-align: justify;\">KLASA: 112-01\/20-02\/2<br \/>\nURBROJ: 2109-112-01\/1-20-1<\/p>\n<p style=\"text-align: center;\">Dom za odrasle osobe Orehovica<br \/>\nPREDSJEDNIK UPRAVNOG VIJE\u0106A:<br \/>\nRobert Grudi\u0107<br \/>\ndr.med.spec. op\u0107e kir. subspec. ortopedije i traumatologije<\/p>\n","protected":false},"excerpt":{"rendered":"<p>Na temelju \u010dlanaka 40. i 41. Zakona o ustanovama (Narodne novine 76\/93, 29\/97, 47\/99, 35\/08, 127\/19), \u010dlanaka 153., 154. i 155. Zakona o socijalnoj skrbi (Narodne novine br. 157\/13, 152\/14, 99\/15, 52\/16 i 16\/17, 130\/17, 98\/19) i \u010dlanka 31. Statuta Doma odrasle osobe Orehovica Upravno vije\u0107e Doma, na temelju Odluke donesene 27. o\u017eujka 2020. godine.,&hellip;<\/p>\n","protected":false},"author":1,"featured_media":0,"comment_status":"closed","ping_status":"closed","sticky":false,"template":"","format":"standard","meta":{"ngg_post_thumbnail":0,"footnotes":""},"categories":[9],"tags":[],"_links":{"self":[{"href":"https:\/\/dom-orehovica.hr\/index.php?rest_route=\/wp\/v2\/posts\/2473"}],"collection":[{"href":"https:\/\/dom-orehovica.hr\/index.php?rest_route=\/wp\/v2\/posts"}],"about":[{"href":"https:\/\/dom-orehovica.hr\/index.php?rest_route=\/wp\/v2\/types\/post"}],"author":[{"embeddable":true,"href":"https:\/\/dom-orehovica.hr\/index.php?rest_route=\/wp\/v2\/users\/1"}],"replies":[{"embeddable":true,"href":"https:\/\/dom-orehovica.hr\/index.php?rest_route=%2Fwp%2Fv2%2Fcomments&post=2473"}],"version-history":[{"count":4,"href":"https:\/\/dom-orehovica.hr\/index.php?rest_route=\/wp\/v2\/posts\/2473\/revisions"}],"predecessor-version":[{"id":2479,"href":"https:\/\/dom-orehovica.hr\/index.php?rest_route=\/wp\/v2\/posts\/2473\/revisions\/2479"}],"wp:attachment":[{"href":"https:\/\/dom-orehovica.hr\/index.php?rest_route=%2Fwp%2Fv2%2Fmedia&parent=2473"}],"wp:term":[{"taxonomy":"category","embeddable":true,"href":"https:\/\/dom-orehovica.hr\/index.php?rest_route=%2Fwp%2Fv2%2Fcategories&post=2473"},{"taxonomy":"post_tag","embeddable":true,"href":"https:\/\/dom-orehovica.hr\/index.php?rest_route=%2Fwp%2Fv2%2Ftags&post=2473"}],"curies":[{"name":"wp","href":"https:\/\/api.w.org\/{rel}","templated":true}]}}