{"id":2437,"date":"2020-02-27T15:03:14","date_gmt":"2020-02-27T14:03:14","guid":{"rendered":"http:\/\/dom-orehovica.hr\/?p=2437"},"modified":"2020-02-27T15:04:00","modified_gmt":"2020-02-27T14:04:00","slug":"natjecaj-njegovatelj-ica-3","status":"publish","type":"post","link":"https:\/\/dom-orehovica.hr\/?p=2437","title":{"rendered":"Natje\u010daj &#8211; njegovatelj\/ica"},"content":{"rendered":"<p style=\"text-align: justify;\">RAVNATELJICA DOMA ZA ODRASLE OSOBE OREHOVICA, TEMELJEM \u010cLANKA 36. STATUTA DOMA ZA ODRASLE OSOBE OREHOVICA, RASPISUJE<\/p>\n<p style=\"text-align: center;\"><strong>NATJE\u010cAJ<\/strong><\/p>\n<p style=\"text-align: justify;\">Za prijem u radni odnos:<\/p>\n<ul>\n<li style=\"text-align: justify;\"><strong>njegovatelj\/ica<\/strong> &#8211; 1 \u2013 na odre\u0111eno , zamjena za dugotrajno bolovanje.<\/li>\n<\/ul>\n<p style=\"text-align: justify;\"><strong><em>Uvjeti:<\/em><\/strong><\/p>\n<ul>\n<li style=\"text-align: justify;\">Zavr\u0161ena osnovna \u0161kola<\/li>\n<li style=\"text-align: justify;\">Polo\u017een te\u010daj za njegovatelja\/icu.<\/li>\n<\/ul>\n<p style=\"text-align: justify;\">Kandidati su <strong><em>uz prijavu<\/em><\/strong> na natje\u010daj du\u017eni dostaviti:<\/p>\n<ul>\n<li style=\"text-align: justify;\">zamolbu (vlastoru\u010dno potpisanu),<\/li>\n<li style=\"text-align: justify;\">\u017eivotopis,<\/li>\n<li style=\"text-align: justify;\">presliku domovnice,<\/li>\n<li style=\"text-align: justify;\">presliku dokumenta o zavr\u0161enoj stru\u010dnoj spremi,<\/li>\n<li style=\"text-align: justify;\">uvjerenje o neka\u017enjavanju \/u izvorniku, ne starije od 30 dana\/,<\/li>\n<\/ul>\n<p style=\"text-align: justify;\">Kandidatima prijavljenim na natje\u010daj smatrat \u0107e se samo osoba koja podnese urednu prijavu sa svim prilozima te ispunjava formalne uvjete iz natje\u010daja.<\/p>\n<p style=\"text-align: justify;\">Prijave se podnose u pisanom na adresu: Dom za odrasle osobe Orehovica, Augusta \u0160enoe 2 ili se zaprimaju osobnim dolaskom na adresu ustanove.<\/p>\n<p style=\"text-align: justify;\">U Orehovici, 27.2.2020. godine.<br \/>\nKlasa:112-01\/20-02\/1<br \/>\nURBROJ:2109-112-01\/1-20-1<\/p>\n<p style=\"text-align: right;\">Dom za odrasle osobe Orehovica<br \/>\nRavnateljica:<br \/>\nSuzana Belovi\u0107, dipl.soc.radnica<\/p>\n","protected":false},"excerpt":{"rendered":"<p>RAVNATELJICA DOMA ZA ODRASLE OSOBE OREHOVICA, TEMELJEM \u010cLANKA 36. STATUTA DOMA ZA ODRASLE OSOBE OREHOVICA, RASPISUJE NATJE\u010cAJ Za prijem u radni odnos: njegovatelj\/ica &#8211; 1 \u2013 na odre\u0111eno , zamjena za dugotrajno bolovanje. Uvjeti: Zavr\u0161ena osnovna \u0161kola Polo\u017een te\u010daj za njegovatelja\/icu. Kandidati su uz prijavu na natje\u010daj du\u017eni dostaviti: zamolbu (vlastoru\u010dno potpisanu), \u017eivotopis, presliku domovnice,&hellip;<\/p>\n","protected":false},"author":1,"featured_media":0,"comment_status":"closed","ping_status":"closed","sticky":false,"template":"","format":"standard","meta":{"ngg_post_thumbnail":0,"footnotes":""},"categories":[9],"tags":[],"_links":{"self":[{"href":"https:\/\/dom-orehovica.hr\/index.php?rest_route=\/wp\/v2\/posts\/2437"}],"collection":[{"href":"https:\/\/dom-orehovica.hr\/index.php?rest_route=\/wp\/v2\/posts"}],"about":[{"href":"https:\/\/dom-orehovica.hr\/index.php?rest_route=\/wp\/v2\/types\/post"}],"author":[{"embeddable":true,"href":"https:\/\/dom-orehovica.hr\/index.php?rest_route=\/wp\/v2\/users\/1"}],"replies":[{"embeddable":true,"href":"https:\/\/dom-orehovica.hr\/index.php?rest_route=%2Fwp%2Fv2%2Fcomments&post=2437"}],"version-history":[{"count":2,"href":"https:\/\/dom-orehovica.hr\/index.php?rest_route=\/wp\/v2\/posts\/2437\/revisions"}],"predecessor-version":[{"id":2439,"href":"https:\/\/dom-orehovica.hr\/index.php?rest_route=\/wp\/v2\/posts\/2437\/revisions\/2439"}],"wp:attachment":[{"href":"https:\/\/dom-orehovica.hr\/index.php?rest_route=%2Fwp%2Fv2%2Fmedia&parent=2437"}],"wp:term":[{"taxonomy":"category","embeddable":true,"href":"https:\/\/dom-orehovica.hr\/index.php?rest_route=%2Fwp%2Fv2%2Fcategories&post=2437"},{"taxonomy":"post_tag","embeddable":true,"href":"https:\/\/dom-orehovica.hr\/index.php?rest_route=%2Fwp%2Fv2%2Ftags&post=2437"}],"curies":[{"name":"wp","href":"https:\/\/api.w.org\/{rel}","templated":true}]}}