{"id":2297,"date":"2019-10-11T08:00:13","date_gmt":"2019-10-11T06:00:13","guid":{"rendered":"http:\/\/dom-orehovica.hr\/?p=2297"},"modified":"2019-10-09T14:48:27","modified_gmt":"2019-10-09T12:48:27","slug":"natjecaj-racunovodstveni-referent-ica","status":"publish","type":"post","link":"https:\/\/dom-orehovica.hr\/?p=2297","title":{"rendered":"Natje\u010daj &#8211; Ra\u010dunovodstveni referent\/ica"},"content":{"rendered":"<p style=\"text-align: justify;\">RAVNATELJICA DOMA ZA ODRASLE OSOBE OREHOVICA, TEMELJEM \u010cLANKA 36. STATUTA DOMA ZA ODRASLE OSOBE UZ DOBIVENU SUGLASNOST MINITARSTVA ZA DEMOGRAFIJU, OBITELJ, MLADE I SOCIJALNU POLITIKU KLASA: 100-01\/19-02\/469, URBROJ: 519-04-3-1-2\/2-19-2, OD 23. RUJNA 2019. GODINE, ZAPRIMLJENU DANA 27. RUJNA 2019. GODINE, RASPISUJE<\/p>\n<p>&nbsp;<\/p>\n<p style=\"text-align: center;\">NATJE\u010cAJ<\/p>\n<p>&nbsp;<\/p>\n<p style=\"text-align: justify;\">Za prijem u radni odnos:<\/p>\n<ul>\n<li style=\"text-align: justify;\">Ra\u010dunovodstveni referent\/ica \u2013 1 izvr\u0161itelj na neodre\u0111eno puno radno vrijeme<\/li>\n<\/ul>\n<p style=\"text-align: justify;\">Posebni uvjeti:<\/p>\n<ul>\n<li style=\"text-align: justify;\">zavr\u0161eno srednjo\u0161kolsko obrazovanje ekonomskog usmjerenja,<\/li>\n<li style=\"text-align: justify;\">jedna godina radnog iskustva,<\/li>\n<li style=\"text-align: justify;\">polo\u017een voza\u010dki ispit \u00abB\u00bb kategorije,<\/li>\n<li style=\"text-align: justify;\">poznavanje rada na ra\u010dunalu.<\/li>\n<\/ul>\n<p style=\"text-align: justify;\">Uz pisanu prijavu na natje\u010daj, zainteresirani kandidati\/kandidatkinje trebaju prilo\u017eiti:<\/p>\n<ul>\n<li style=\"text-align: justify;\">\u017eivotopis,<\/li>\n<li style=\"text-align: justify;\">dokaz o stru\u010dnoj spremi (preslika),<\/li>\n<li style=\"text-align: justify;\">dokaz o hrvatskom dr\u017eavljanstvu (preslika domovnice),<\/li>\n<li style=\"text-align: justify;\">potvrda o podacima evidentiranim u mati\u010dnoj evidenciji HZMO-a (preslika),<\/li>\n<li style=\"text-align: justify;\">uvjerenje o neka\u017enjavanju (u izvorniku, ne starije od 3 mjeseca).<\/li>\n<\/ul>\n<p style=\"text-align: justify;\">Kandidati koji ostvaruju pravo prednosti pri zapo\u0161ljavanju na temelju posebnog zakona, u prijavi su du\u017eni pozvati se na to pravo te dostaviti dokaze o priznavanju posebnog statusa, te dokaz o na\u010dinu prestanka radnog odnosa kod prethodnog poslodavca.<br \/>\nKandidati koji se pozivaju na pravo prednosti prilikom zapo\u0161ljavanja sukladno \u010dlanku 102. Zakona o hrvatskim braniteljima iz Domovinskog rata i \u010dlanovima njihovih obitelji (Narodne novine br. 121\/17), a koji u trenutku podno\u0161enja prijave ispunjavaju uvjete za ostvarivanje tog prava, du\u017eni su uz prijavu na javni natje\u010daj prilo\u017eiti sve dokaze o ispunjavanju tra\u017eenih uvjeta iz natje\u010daja i dokaze za ostvarivanje prava prednosti prilikom zapo\u0161ljavanja.<br \/>\nSukladno obvezi iz \u010dlanka 103. stavka 3. Zakona o hrvatskim braniteljima iz Domovinskog rata i \u010dlanovima njihovih obitelji (Narodne novine br. 121\/17), objavljujemo poveznicu na internetsku stranicu Ministarstva branitelja na kojoj su navedeni dokazi potrebni za ostvarivanje prava prednosti prilikom zapo\u0161ljavanja:<br \/>\n<a href=\"https:\/\/gov.hr\/moja-uprava\/hrvatski-branitelji\/zaposljavanje\/prednost-pri-zaposljavanju\/403\" target=\"_blank\" rel=\"noopener\"><span style=\"text-decoration: underline; color: #3366ff;\"><em>https:\/\/gov.hr\/moja-uprava\/hrvatski-branitelji\/zaposljavanje\/prednost-pri-zaposljavanju\/403<\/em><\/span><\/a>.<\/p>\n<p style=\"text-align: justify;\">Kandidatima prijavljenim na natje\u010daj smatrat \u0107e se samo osoba koja podnese pravovremenu i urednu prijavu sa svim prilozima te ispunjava formalne uvjete iz natje\u010daja.<br \/>\nKandidati koji podnesu pravovremenu i urednu prijavu i ispunjavaju formalne uvjete iz natje\u010daja mogu biti pozvani na testiranje, razgovor i\/ili pisanu provjeru znanja, sposobnosti i vje\u0161tina bitnih za obavljanje poslova radnog mjesta, objavom dana i sata razgovora na web stranici ustanove. Nepravodobne i nepotpune prijave ne\u0107e se razmatrati.<br \/>\nDo dono\u0161enja odluke o izboru, natje\u010daj mo\u017ee biti poni\u0161ten.<br \/>\nPrijave se podnose u pisanom obliku u roku od 8 dana od objave natje\u010daja u \u201cNarodnim novinama\u201c na adresu: Dom za odrasle osobe Orehovica, Augusta \u0160enoe 2, 40322 Orehovica s naznakom: \u201ePrijava na natje\u010daj za radno mjesto ra\u010dunovodstveni referent\/ica\u201c.<br \/>\nObjavom obavijesti o izboru kandidata na web stranici ustanove u roku od osam dana od dana izbora kandidata, kandidati \u0107e biti obavije\u0161teni o rezultatu natje\u010daja.<\/p>\n<p style=\"text-align: justify;\">URBROJ: 1809-2\/19.<br \/>\nU Orehovici, 09. listopada 2019. godine.<\/p>\n<p style=\"text-align: right;\">Dom za odrasle osobe Orehovica<br \/>\nRavnateljica:<br \/>\nSuzana Belovi\u0107, dipl. soc. radnica<\/p>\n<p><span style=\"text-decoration: underline; color: #3366ff;\"><em><a style=\"color: #3366ff; text-decoration: underline;\" href=\"http:\/\/dom-orehovica.hr\/wp-content\/uploads\/2019\/10\/Natjecaj-Racunovodstveni-referent-ica-.pdf\" target=\"_blank\" rel=\"noopener\">Natjecaj &#8211; Racunovodstveni referent-ica<\/a><\/em><\/span>&nbsp;(pdf)<\/p>\n","protected":false},"excerpt":{"rendered":"<p>RAVNATELJICA DOMA ZA ODRASLE OSOBE OREHOVICA, TEMELJEM \u010cLANKA 36. STATUTA DOMA ZA ODRASLE OSOBE UZ DOBIVENU SUGLASNOST MINITARSTVA ZA DEMOGRAFIJU, OBITELJ, MLADE I SOCIJALNU POLITIKU KLASA: 100-01\/19-02\/469, URBROJ: 519-04-3-1-2\/2-19-2, OD 23. RUJNA 2019. GODINE, ZAPRIMLJENU DANA 27. RUJNA 2019. GODINE, RASPISUJE &nbsp; NATJE\u010cAJ &nbsp; Za prijem u radni odnos: Ra\u010dunovodstveni referent\/ica \u2013 1 izvr\u0161itelj na&hellip;<\/p>\n","protected":false},"author":1,"featured_media":0,"comment_status":"closed","ping_status":"closed","sticky":false,"template":"","format":"standard","meta":{"ngg_post_thumbnail":0,"footnotes":""},"categories":[9],"tags":[],"_links":{"self":[{"href":"https:\/\/dom-orehovica.hr\/index.php?rest_route=\/wp\/v2\/posts\/2297"}],"collection":[{"href":"https:\/\/dom-orehovica.hr\/index.php?rest_route=\/wp\/v2\/posts"}],"about":[{"href":"https:\/\/dom-orehovica.hr\/index.php?rest_route=\/wp\/v2\/types\/post"}],"author":[{"embeddable":true,"href":"https:\/\/dom-orehovica.hr\/index.php?rest_route=\/wp\/v2\/users\/1"}],"replies":[{"embeddable":true,"href":"https:\/\/dom-orehovica.hr\/index.php?rest_route=%2Fwp%2Fv2%2Fcomments&post=2297"}],"version-history":[{"count":2,"href":"https:\/\/dom-orehovica.hr\/index.php?rest_route=\/wp\/v2\/posts\/2297\/revisions"}],"predecessor-version":[{"id":2300,"href":"https:\/\/dom-orehovica.hr\/index.php?rest_route=\/wp\/v2\/posts\/2297\/revisions\/2300"}],"wp:attachment":[{"href":"https:\/\/dom-orehovica.hr\/index.php?rest_route=%2Fwp%2Fv2%2Fmedia&parent=2297"}],"wp:term":[{"taxonomy":"category","embeddable":true,"href":"https:\/\/dom-orehovica.hr\/index.php?rest_route=%2Fwp%2Fv2%2Fcategories&post=2297"},{"taxonomy":"post_tag","embeddable":true,"href":"https:\/\/dom-orehovica.hr\/index.php?rest_route=%2Fwp%2Fv2%2Ftags&post=2297"}],"curies":[{"name":"wp","href":"https:\/\/api.w.org\/{rel}","templated":true}]}}