{"id":2265,"date":"2019-06-07T13:36:21","date_gmt":"2019-06-07T11:36:21","guid":{"rendered":"http:\/\/dom-orehovica.hr\/?p=2265"},"modified":"2019-06-07T13:37:25","modified_gmt":"2019-06-07T11:37:25","slug":"2265","status":"publish","type":"post","link":"https:\/\/dom-orehovica.hr\/?p=2265","title":{"rendered":"Natje\u010daj &#8211; kuhar\/ica &#8211; neodre\u0111eno puno radno vrijeme"},"content":{"rendered":"<p style=\"text-align: justify;\">RAVNATELJICA DOMA ZA ODRASLE OSOBE OREHOVICA, TEMELJEM \u010cLANKA 36. STATUTA DOMA ZA ODRASLE OSOBE UZ DOBIVENU SUGLASNOST MINISTARSTVA ZA DEMOGRAFIJU, OBITELJ, MLADE I SOCIJALNU POLITIKU KLASA:100-01\/19-02\/242, URBROJ:519-04-3-1-2\/2-19-2, OD 21. svibnja 2019. GODINE, ZAPRIMLJENU DANA 3. lipnja 2019. GODINE, RASPISUJE<\/p>\n<p style=\"text-align: center;\"><strong>NATJE\u010cAJ<\/strong><\/p>\n<p style=\"text-align: justify;\">Za prijem u radni odnos:<\/p>\n<p style=\"text-align: justify;\">&#8211; <strong>KUHAR\/ICA \u2013 1 izvr\u0161itelj\/ica na neodre\u0111eno puno radno vrijeme<\/strong>.<\/p>\n<p style=\"text-align: justify;\"><strong>Uvjeti:<\/strong><\/p>\n<ul>\n<li style=\"text-align: justify;\">zavr\u0161eno srednjo\u0161kolsko obrazovanje ugostiteljskog usmjerenja \u2013 kuhar\/ica,<\/li>\n<li style=\"text-align: justify;\">jedna godina radnog iskustva.<\/li>\n<\/ul>\n<p style=\"text-align: justify;\">Kandidati su <strong>uz prijavu<\/strong> na natje\u010daj du\u017eni dostaviti:<\/p>\n<ul>\n<li style=\"text-align: justify;\">zamolbu (vlastoru\u010dno potpisanu),<\/li>\n<li style=\"text-align: justify;\">\u017eivotopis,<\/li>\n<li style=\"text-align: justify;\">presliku domovnice,<\/li>\n<li style=\"text-align: justify;\">presliku dokumenta o zavr\u0161enoj stru\u010dnoj spremi,<\/li>\n<li style=\"text-align: justify;\">preslika potvrde o podacima evidentiranim u mati\u010dnoj evidenciji HZMO-a,<\/li>\n<li style=\"text-align: justify;\">uvjerenje o neka\u017enjavanju \/u izvorniku, ne starije od 30 dana.<\/li>\n<\/ul>\n<p style=\"text-align: justify;\">Kandidati koji ostvaruju pravo prednosti pri zapo\u0161ljavanju na temelju posebnog zakona, u prijavi su du\u017eni pozvati se na to pravo te dostaviti dokaze o priznavanju posebnog statusa, te dokaz o na\u010dinu prestanka radnog odnosa kod prethodnog poslodavca.<\/p>\n<p style=\"text-align: justify;\">Kandidati koji se pozivaju na pravo prednosti prilikom zapo\u0161ljavanja sukladno \u010dlanku 102. Zakona o hrvatskim braniteljima iz Domovinskog rata i \u010dlanovima njihovih obitelji (Narodne novine br. 121\/17), a koji u trenutku podno\u0161enja prijave ispunjavaju uvjete za ostvarivanje tog prava, du\u017eni su uz prijavu na javni natje\u010daj prilo\u017eiti sve dokaze o ispunjavanju tra\u017eenih uvjeta iz natje\u010daja i dokaze za ostvarivanje prava prednosti prilikom zapo\u0161ljavanja.<\/p>\n<p style=\"text-align: justify;\">Sukladno obvezi iz \u010dlanka 103. stavka 3. Zakona o hrvatskim braniteljima iz Domovinskog rata i \u010dlanovima njihovih obitelji (Narodne novine br. 121\/17), objavljujemo poveznicu na internetsku stranicu Ministarstva branitelja na kojoj su navedeni dokazi potrebni za ostvarivanje prava prednosti prilikom zapo\u0161ljavanja: https:\/\/gov.hr\/moja-uprava\/hrvatski-branitelji\/zaposljavanje\/prednost-pri-zaposljavanju\/403.<\/p>\n<p style=\"text-align: justify;\">Kandidatima prijavljenim na natje\u010daj smatrat \u0107e se samo osoba koja podnese pravovremenu i urednu prijavu sa svim prilozima te ispunjava formalne uvjete iz natje\u010daja.<\/p>\n<p style=\"text-align: justify;\">Kandidati koji podnesu pravovremenu i urednu prijavu i ispunjavaju formalne uvjete iz natje\u010daja mogu biti pozvani na testiranje, razgovor i\/ili pisanu provjeru znanja, sposobnosti i vje\u0161tina bitnih za obavljanje poslova radnog mjesta, objavom dana i sata razgovora na web stranici ustanove. Nepravodobne i nepotpune prijave ne\u0107e se razmatrati.<\/p>\n<p style=\"text-align: justify;\">Do dono\u0161enja odluke o izboru, natje\u010daj mo\u017ee biti poni\u0161ten.<\/p>\n<p style=\"text-align: justify;\">Prijave se podnose u pisanom obliku u roku od 8 dana od objave oglasa u \u201cNarodnim novinama\u201c na adresu: Dom za odrasle osobe Orehovica, Augusta \u0160enoe 2, s naznakom: \u201ePrijava na natje\u010daj za radno mjesto kuhar\/ica\u201c.<\/p>\n<p style=\"text-align: justify;\">Objavom obavijesti o izboru kandidata na web stranici ustanove u roku od osam dana od dana izbora kandidata, kandidati \u0107e biti obavije\u0161teni o rezultatima natje\u010daja.<\/p>\n<p style=\"text-align: justify;\">URBROJ:1096-2\/19.<\/p>\n<p style=\"text-align: justify;\">U Orehovici, 4. lipnja 2019. godine.<\/p>\n<p><span style=\"text-decoration: underline; color: #3366ff;\"><em><a style=\"color: #3366ff; text-decoration: underline;\" href=\"http:\/\/dom-orehovica.hr\/wp-content\/uploads\/2019\/06\/Natjecaj-kuhar-ica-neodredjeno.pdf\" target=\"_blank\" rel=\"noopener\">Natjecaj &#8211; kuhar-ica &#8211; neodredjeno<\/a><\/em><\/span>&nbsp;(pdf)<\/p>\n","protected":false},"excerpt":{"rendered":"<p>RAVNATELJICA DOMA ZA ODRASLE OSOBE OREHOVICA, TEMELJEM \u010cLANKA 36. STATUTA DOMA ZA ODRASLE OSOBE UZ DOBIVENU SUGLASNOST MINISTARSTVA ZA DEMOGRAFIJU, OBITELJ, MLADE I SOCIJALNU POLITIKU KLASA:100-01\/19-02\/242, URBROJ:519-04-3-1-2\/2-19-2, OD 21. svibnja 2019. GODINE, ZAPRIMLJENU DANA 3. lipnja 2019. GODINE, RASPISUJE NATJE\u010cAJ Za prijem u radni odnos: &#8211; KUHAR\/ICA \u2013 1 izvr\u0161itelj\/ica na neodre\u0111eno puno radno vrijeme.&hellip;<\/p>\n","protected":false},"author":1,"featured_media":0,"comment_status":"closed","ping_status":"closed","sticky":false,"template":"","format":"standard","meta":{"ngg_post_thumbnail":0,"footnotes":""},"categories":[9],"tags":[],"_links":{"self":[{"href":"https:\/\/dom-orehovica.hr\/index.php?rest_route=\/wp\/v2\/posts\/2265"}],"collection":[{"href":"https:\/\/dom-orehovica.hr\/index.php?rest_route=\/wp\/v2\/posts"}],"about":[{"href":"https:\/\/dom-orehovica.hr\/index.php?rest_route=\/wp\/v2\/types\/post"}],"author":[{"embeddable":true,"href":"https:\/\/dom-orehovica.hr\/index.php?rest_route=\/wp\/v2\/users\/1"}],"replies":[{"embeddable":true,"href":"https:\/\/dom-orehovica.hr\/index.php?rest_route=%2Fwp%2Fv2%2Fcomments&post=2265"}],"version-history":[{"count":2,"href":"https:\/\/dom-orehovica.hr\/index.php?rest_route=\/wp\/v2\/posts\/2265\/revisions"}],"predecessor-version":[{"id":2268,"href":"https:\/\/dom-orehovica.hr\/index.php?rest_route=\/wp\/v2\/posts\/2265\/revisions\/2268"}],"wp:attachment":[{"href":"https:\/\/dom-orehovica.hr\/index.php?rest_route=%2Fwp%2Fv2%2Fmedia&parent=2265"}],"wp:term":[{"taxonomy":"category","embeddable":true,"href":"https:\/\/dom-orehovica.hr\/index.php?rest_route=%2Fwp%2Fv2%2Fcategories&post=2265"},{"taxonomy":"post_tag","embeddable":true,"href":"https:\/\/dom-orehovica.hr\/index.php?rest_route=%2Fwp%2Fv2%2Ftags&post=2265"}],"curies":[{"name":"wp","href":"https:\/\/api.w.org\/{rel}","templated":true}]}}