{"id":2259,"date":"2019-05-24T08:00:36","date_gmt":"2019-05-24T06:00:36","guid":{"rendered":"http:\/\/dom-orehovica.hr\/?p=2259"},"modified":"2019-05-22T09:58:50","modified_gmt":"2019-05-22T07:58:50","slug":"natjecaj-rehabilitator-propravnik","status":"publish","type":"post","link":"https:\/\/dom-orehovica.hr\/?p=2259","title":{"rendered":"Natje\u010daj &#8211; rehabilitator (pripravnik)"},"content":{"rendered":"<p style=\"text-align: justify;\">Na temelju odluke Ministarstva za demografiju, obitelj, mlade i socijalnu politiku od 8. 11. 2018. godine, u skladu s provedbom mjere aktivne politike zapo\u0161ljavanja za stjecanje prvog radnog iskustva \/pripravni\u0161tvo, ravnateljica Doma za odrasle osobe Orehovica, Suzana Belovi\u0107, dipl. soc. radnica, raspisuje:<\/p>\n<p style=\"text-align: center;\"><strong>JAVNI NATJE\u010cAJ<\/strong><\/p>\n<p style=\"text-align: justify;\">za prijam stru\u010dnog radnika \u2013 pripravnika\/ice, 1 izvr\u0161itelja\/ica, na odre\u0111eno vrijeme od 12 mjeseci, radi obavljanja pripravni\u010dkog sta\u017ea i to:<\/p>\n<p style=\"text-align: justify;\">1. <strong>REHABILITATORA<\/strong> \u2013 1 izvr\u0161itelj<\/p>\n<p style=\"text-align: justify;\"><strong>Uvjeti:<\/strong><\/p>\n<ul>\n<li>VSS, zavr\u0161en diplomski sveu\u010dili\u0161ni studij Edukacijsko-rehabilitacijskog fakulteta ili zavr\u0161en diplomski sveu\u010dili\u0161ni studij Psihologije<\/li>\n<li>nepostojanje zakonskih zapreka iz \u010dl. 213. st. 1. Zakona o socijalnoj skrbi.<\/li>\n<li>kandidat mora biti prijavljeni u evidenciji nezaposlenih osoba pri nadle\u017enoj slu\u017ebi za zapo\u0161ljavanje Hrvatskog zavoda za zapo\u0161ljavanje kao nezaposlena osobe bez sta\u017ea osiguranja u obrazovnoj razini iz podru\u010dja socijalne skrbi.<\/li>\n<\/ul>\n<p><strong>Uz prijavu<\/strong> na natje\u010daj kandidati\/kandidatkinje trebaju prilo\u017eiti:<\/p>\n<ul>\n<li style=\"text-align: justify;\">\u017eivotopis<\/li>\n<li style=\"text-align: justify;\">preslik domovnice<\/li>\n<li style=\"text-align: justify;\">preslik diplome ili svjedod\u017ebe o zavr\u0161enom obrazovanju<\/li>\n<li style=\"text-align: justify;\">potvrdu Hrvatskog zavoda za zapo\u0161ljavanje o prijavi u evidenciji nezaposlenih,<\/li>\n<li style=\"text-align: justify;\">elektroni\u010dki zapis ili potvrdu o podacima evidentiranim u mati\u010dnoj evidenciji Hrvatskog zavoda za mirovinsko osiguranje,<\/li>\n<li style=\"text-align: justify;\">uvjerenje nadle\u017enog suda da se protiv podnositelja prijave ne vodi kazneni postupak, ne starije od mjesec dana.<\/li>\n<\/ul>\n<p style=\"text-align: justify;\">Program pripravni\u0161tva utvr\u0111en je Pravilnikom o pripravni\u010dkom sta\u017eu i polaganju stru\u010dnog ispita u djelatnosti socijalne skrbi (NN br. 66\/15), traje 12 mjeseci, a nakon isteka pripravni\u010dkog sta\u017ea polaznik stje\u010de pravo polaganja stru\u010dnog ispita pred nadle\u017enim ministarstvom.<\/p>\n<p style=\"text-align: justify;\">Kandidati\/kandidatkinje koji ostvaruju pravo prednosti pri zapo\u0161ljavanju prema posebnim propisima du\u017eni su u prijavi na natje\u010daj pozvati se na to pravo, prilo\u017eiti rje\u0161enje ili potvrdu o priznatom statusu i imaju prednost u odnosu na ostale kandidate pod jednakim uvjetima. Kandidati koji se pozivaju na pravo prednosti prilikom zapo\u0161ljavanja u skladu s \u010dlankom 102. Zakona o pravima hrvatskih branitelja iz Domovinskog rata i \u010dlanova njihovih obitelji, osim dokaza o ispunjavanju tra\u017eenih uvjeta, uz prijavu na natje\u010daj du\u017eni su prilo\u017eiti i sve potrebne dokaze dostupne na poveznici Ministarstva hrvatskih branitelja: https:\/\/branitelji.gov.hr\/zapo\u0161ljavanje-843\/843.<\/p>\n<p style=\"text-align: justify;\">Prijave se podnose na adresu: Dom za odrasle osobe Orehovica, Augusta \u0160enoe 2, uz naznaku: \u00bbPrijava na natje\u010daj \u2013 pripravnik\/ica\u00ab u roku od 8 dana od objave javnog natje\u010daja u Narodnim novinama.<\/p>\n<p style=\"text-align: justify;\">Nepravovaljane i neuredne prijave ne\u0107e se razmatrati. O rezultatima natje\u010daja kandidati\/kandidatkinje \u0107e biti obavije\u0161teni na isti na\u010din i u istom roku.<\/p>\n<p>Dom za odrasle osobe Orehovica<\/p>\n<p>URBROJ: 1012-2\/19<\/p>\n<p>Orehovica, 21. svibnja 2019.godine<\/p>\n<p><a href=\"http:\/\/dom-orehovica.hr\/wp-content\/uploads\/2019\/05\/Natjecaj-REHABILITATOR-PRIPRAVNIK.pdf\" target=\"_blank\" rel=\"noopener\"><span style=\"text-decoration: underline; color: #3366ff;\"><em>Natjecaj &#8211; REHABILITATOR-PRIPRAVNIK<\/em><\/span><\/a>&nbsp;(pdf)<\/p>\n","protected":false},"excerpt":{"rendered":"<p>Na temelju odluke Ministarstva za demografiju, obitelj, mlade i socijalnu politiku od 8. 11. 2018. godine, u skladu s provedbom mjere aktivne politike zapo\u0161ljavanja za stjecanje prvog radnog iskustva \/pripravni\u0161tvo, ravnateljica Doma za odrasle osobe Orehovica, Suzana Belovi\u0107, dipl. soc. radnica, raspisuje: JAVNI NATJE\u010cAJ za prijam stru\u010dnog radnika \u2013 pripravnika\/ice, 1 izvr\u0161itelja\/ica, na odre\u0111eno vrijeme&hellip;<\/p>\n","protected":false},"author":1,"featured_media":0,"comment_status":"closed","ping_status":"closed","sticky":false,"template":"","format":"standard","meta":{"ngg_post_thumbnail":0,"footnotes":""},"categories":[9],"tags":[],"_links":{"self":[{"href":"https:\/\/dom-orehovica.hr\/index.php?rest_route=\/wp\/v2\/posts\/2259"}],"collection":[{"href":"https:\/\/dom-orehovica.hr\/index.php?rest_route=\/wp\/v2\/posts"}],"about":[{"href":"https:\/\/dom-orehovica.hr\/index.php?rest_route=\/wp\/v2\/types\/post"}],"author":[{"embeddable":true,"href":"https:\/\/dom-orehovica.hr\/index.php?rest_route=\/wp\/v2\/users\/1"}],"replies":[{"embeddable":true,"href":"https:\/\/dom-orehovica.hr\/index.php?rest_route=%2Fwp%2Fv2%2Fcomments&post=2259"}],"version-history":[{"count":3,"href":"https:\/\/dom-orehovica.hr\/index.php?rest_route=\/wp\/v2\/posts\/2259\/revisions"}],"predecessor-version":[{"id":2263,"href":"https:\/\/dom-orehovica.hr\/index.php?rest_route=\/wp\/v2\/posts\/2259\/revisions\/2263"}],"wp:attachment":[{"href":"https:\/\/dom-orehovica.hr\/index.php?rest_route=%2Fwp%2Fv2%2Fmedia&parent=2259"}],"wp:term":[{"taxonomy":"category","embeddable":true,"href":"https:\/\/dom-orehovica.hr\/index.php?rest_route=%2Fwp%2Fv2%2Fcategories&post=2259"},{"taxonomy":"post_tag","embeddable":true,"href":"https:\/\/dom-orehovica.hr\/index.php?rest_route=%2Fwp%2Fv2%2Ftags&post=2259"}],"curies":[{"name":"wp","href":"https:\/\/api.w.org\/{rel}","templated":true}]}}