{"id":2202,"date":"2019-02-13T12:54:57","date_gmt":"2019-02-13T11:54:57","guid":{"rendered":"http:\/\/dom-orehovica.hr\/?p=2202"},"modified":"2019-02-13T12:54:57","modified_gmt":"2019-02-13T11:54:57","slug":"obavijest-o-odrzavanju-intervjua-i-testiranja-radnik-za-uredenje-i-ciscenje-vanjskih-prostora-vozac","status":"publish","type":"post","link":"https:\/\/dom-orehovica.hr\/?p=2202","title":{"rendered":"Obavijest o odr\u017eavanju intervjua i testiranja &#8211; RADNIK ZA URE\u0110ENJE I \u010cI\u0160\u0106ENJE VANJSKIH PROSTORA-VOZA\u010c"},"content":{"rendered":"<p style=\"text-align: justify;\">DOM ZA ODRASLE OSOBE OREHOVICA<br \/>\nAUGUSTA \u0160ENOE 2, 40322 OREHOVICA&nbsp;<br \/>\nOrehovica, 13. velja\u010de 2019.<\/p>\n<p style=\"text-align: justify;\"><strong>Obavijest o odr\u017eavanju intervjua i testiranja <\/strong><\/p>\n<p style=\"text-align: justify;\">za radno mjesto RADNIK ZA URE\u0110ENJE I \u010cI\u0160\u0106ENJE VANJSKIH PROSTORA-VOZA\u010c&nbsp; &nbsp;za kandidate koji ispunjavaju formalne uvjete po natje\u010daju URBROJ: 188-2\/19. &nbsp;odr\u017eat \u0107e se 15. velja\u010de 2019. godine s po\u010detkom u 9,00 sati u Domu Orehovica, Augusta \u0160enoe 2, 1. kat, dvorana za sastanke za sljede\u0107e kandidate:<\/p>\n<ol style=\"text-align: justify;\">\n<li>Jurica Lovren\u010di\u0107<\/li>\n<li>Dominik Srpak<\/li>\n<li>Sanja Jur\u010dec Papak<\/li>\n<li>Zoran Kocijan<\/li>\n<li>Jasenko Pevec<\/li>\n<li>Sa\u0161a Kranj\u010dec<\/li>\n<\/ol>\n<p style=\"text-align: justify;\">&nbsp;<\/p>\n<p style=\"text-align: justify;\">Ako se kandidat ne odazove na intervju i&nbsp; testiranje, smatra se da je povukao prijavu na javni natje\u010daj.&nbsp;<br \/>\nPostupak intervjua i testiranja&nbsp; provodi&nbsp; Komisija za prijem u radni odnos.<\/p>\n","protected":false},"excerpt":{"rendered":"<p>DOM ZA ODRASLE OSOBE OREHOVICA AUGUSTA \u0160ENOE 2, 40322 OREHOVICA&nbsp; Orehovica, 13. velja\u010de 2019. Obavijest o odr\u017eavanju intervjua i testiranja za radno mjesto RADNIK ZA URE\u0110ENJE I \u010cI\u0160\u0106ENJE VANJSKIH PROSTORA-VOZA\u010c&nbsp; &nbsp;za kandidate koji ispunjavaju formalne uvjete po natje\u010daju URBROJ: 188-2\/19. &nbsp;odr\u017eat \u0107e se 15. velja\u010de 2019. godine s po\u010detkom u 9,00 sati u Domu Orehovica,&hellip;<\/p>\n","protected":false},"author":1,"featured_media":0,"comment_status":"closed","ping_status":"closed","sticky":false,"template":"","format":"standard","meta":{"ngg_post_thumbnail":0,"footnotes":""},"categories":[9],"tags":[],"_links":{"self":[{"href":"https:\/\/dom-orehovica.hr\/index.php?rest_route=\/wp\/v2\/posts\/2202"}],"collection":[{"href":"https:\/\/dom-orehovica.hr\/index.php?rest_route=\/wp\/v2\/posts"}],"about":[{"href":"https:\/\/dom-orehovica.hr\/index.php?rest_route=\/wp\/v2\/types\/post"}],"author":[{"embeddable":true,"href":"https:\/\/dom-orehovica.hr\/index.php?rest_route=\/wp\/v2\/users\/1"}],"replies":[{"embeddable":true,"href":"https:\/\/dom-orehovica.hr\/index.php?rest_route=%2Fwp%2Fv2%2Fcomments&post=2202"}],"version-history":[{"count":1,"href":"https:\/\/dom-orehovica.hr\/index.php?rest_route=\/wp\/v2\/posts\/2202\/revisions"}],"predecessor-version":[{"id":2203,"href":"https:\/\/dom-orehovica.hr\/index.php?rest_route=\/wp\/v2\/posts\/2202\/revisions\/2203"}],"wp:attachment":[{"href":"https:\/\/dom-orehovica.hr\/index.php?rest_route=%2Fwp%2Fv2%2Fmedia&parent=2202"}],"wp:term":[{"taxonomy":"category","embeddable":true,"href":"https:\/\/dom-orehovica.hr\/index.php?rest_route=%2Fwp%2Fv2%2Fcategories&post=2202"},{"taxonomy":"post_tag","embeddable":true,"href":"https:\/\/dom-orehovica.hr\/index.php?rest_route=%2Fwp%2Fv2%2Ftags&post=2202"}],"curies":[{"name":"wp","href":"https:\/\/api.w.org\/{rel}","templated":true}]}}