{"id":2184,"date":"2019-02-12T07:47:57","date_gmt":"2019-02-12T06:47:57","guid":{"rendered":"http:\/\/dom-orehovica.hr\/?p=2184"},"modified":"2019-02-12T07:47:57","modified_gmt":"2019-02-12T06:47:57","slug":"odluka-o-imenovanju-clanova-komisije-za-prijem-u-radni-odnos","status":"publish","type":"post","link":"https:\/\/dom-orehovica.hr\/?p=2184","title":{"rendered":"Odluka o imenovanju \u010dlanova komisije za prijem u radni odnos"},"content":{"rendered":"<p style=\"text-align: justify;\">Odluka o imenovanju \u010dlanova komisije za prijem u radni odnos medicinske sestre V\u0160S, pralje O\u0160 i radnika za ure\u0111enje i \u010di\u0161\u0107enje vanjskih prostora &#8211; voza\u010da O\u0160:<\/p>\n<p><span style=\"text-decoration: underline; color: #3366ff;\"><em><a style=\"color: #3366ff; text-decoration: underline;\" href=\"http:\/\/dom-orehovica.hr\/wp-content\/uploads\/2019\/02\/Odluka-komisija-za-prijem-u-radni-odnos.pdf\" target=\"_blank\" rel=\"noopener\">Odluka &#8211; komisija za prijem u radni odnos<\/a><\/em><\/span>&nbsp;(pdf)<\/p>\n","protected":false},"excerpt":{"rendered":"<p>Odluka o imenovanju \u010dlanova komisije za prijem u radni odnos medicinske sestre V\u0160S, pralje O\u0160 i radnika za ure\u0111enje i \u010di\u0161\u0107enje vanjskih prostora &#8211; voza\u010da O\u0160: Odluka &#8211; komisija za prijem u radni odnos&nbsp;(pdf)<\/p>\n","protected":false},"author":1,"featured_media":0,"comment_status":"closed","ping_status":"closed","sticky":false,"template":"","format":"standard","meta":{"ngg_post_thumbnail":0,"footnotes":""},"categories":[9],"tags":[],"_links":{"self":[{"href":"https:\/\/dom-orehovica.hr\/index.php?rest_route=\/wp\/v2\/posts\/2184"}],"collection":[{"href":"https:\/\/dom-orehovica.hr\/index.php?rest_route=\/wp\/v2\/posts"}],"about":[{"href":"https:\/\/dom-orehovica.hr\/index.php?rest_route=\/wp\/v2\/types\/post"}],"author":[{"embeddable":true,"href":"https:\/\/dom-orehovica.hr\/index.php?rest_route=\/wp\/v2\/users\/1"}],"replies":[{"embeddable":true,"href":"https:\/\/dom-orehovica.hr\/index.php?rest_route=%2Fwp%2Fv2%2Fcomments&post=2184"}],"version-history":[{"count":1,"href":"https:\/\/dom-orehovica.hr\/index.php?rest_route=\/wp\/v2\/posts\/2184\/revisions"}],"predecessor-version":[{"id":2186,"href":"https:\/\/dom-orehovica.hr\/index.php?rest_route=\/wp\/v2\/posts\/2184\/revisions\/2186"}],"wp:attachment":[{"href":"https:\/\/dom-orehovica.hr\/index.php?rest_route=%2Fwp%2Fv2%2Fmedia&parent=2184"}],"wp:term":[{"taxonomy":"category","embeddable":true,"href":"https:\/\/dom-orehovica.hr\/index.php?rest_route=%2Fwp%2Fv2%2Fcategories&post=2184"},{"taxonomy":"post_tag","embeddable":true,"href":"https:\/\/dom-orehovica.hr\/index.php?rest_route=%2Fwp%2Fv2%2Ftags&post=2184"}],"curies":[{"name":"wp","href":"https:\/\/api.w.org\/{rel}","templated":true}]}}