{"id":2176,"date":"2019-02-01T08:25:56","date_gmt":"2019-02-01T07:25:56","guid":{"rendered":"http:\/\/dom-orehovica.hr\/?p=2176"},"modified":"2019-02-01T08:25:56","modified_gmt":"2019-02-01T07:25:56","slug":"natjecaj-vozac-1-izvrsitelj-ica","status":"publish","type":"post","link":"https:\/\/dom-orehovica.hr\/?p=2176","title":{"rendered":"Natje\u010daj &#8211; voza\u010d &#8211; 1 izvr\u0161itelj\/ica"},"content":{"rendered":"<p style=\"text-align: justify;\">RAVNATELJICA DOMA ZA ODRASLE OSOBE OREHOVICA, TEMELJEM \u010cLANKA 36. STATUTA DOMA ZA ODRASLE OSOBE UZ DOBIVENU SUGLASNOST MINISTARSTVA ZA DEMOGRAFIJU, OBITELJ, MLADE I SOCIJALNU POLITIKU KLASA:100-01\/19-02\/41, URBROJ:519-04-3-1-2\/2-19-2, OD 22. SIJE\u010cNJA 2019. GODINE, ZAPRIMLJENU DANA 31. SIJE\u010cNJA 2019. GODINE, RASPISUJE<\/p>\n<p style=\"text-align: center;\"><strong>NATJE\u010cAJ<\/strong><\/p>\n<p style=\"text-align: justify;\">Za prijem u radni odnos:<\/p>\n<p style=\"text-align: justify;\">&#8211; <strong>RADNIK ZA URE\u0110ENJE I \u010cI\u0160\u0106ENJE VANJSKIH PROSTORA &#8211; VOZA\u010c<\/strong> \u2013 1 izvr\u0161itelj\/ica na odre\u0111eno puno radno vrijeme do uskla\u0111ivanja op\u0107ih akata ustanove sa Zakonom o socijalnoj skrbi (\u201eNN\u201c broj:157\/13, 152\/14, 99\/15, 16\/17,130\/17) i Pravilnikom o minimalnim uvjetima za pru\u017eanje socijalnih usluga (\u201eNN\u201c, broj: 40\/14,66\/15).<\/p>\n<p><span style=\"text-decoration: underline;\"><em><a href=\"http:\/\/dom-orehovica.hr\/wp-content\/uploads\/2019\/02\/Natjecaj-vozac.pdf\" target=\"_blank\" rel=\"noopener\">Natjecaj &#8211; vozac<\/a><\/em><\/span>&nbsp;(pdf)<\/p>\n","protected":false},"excerpt":{"rendered":"<p>RAVNATELJICA DOMA ZA ODRASLE OSOBE OREHOVICA, TEMELJEM \u010cLANKA 36. STATUTA DOMA ZA ODRASLE OSOBE UZ DOBIVENU SUGLASNOST MINISTARSTVA ZA DEMOGRAFIJU, OBITELJ, MLADE I SOCIJALNU POLITIKU KLASA:100-01\/19-02\/41, URBROJ:519-04-3-1-2\/2-19-2, OD 22. SIJE\u010cNJA 2019. GODINE, ZAPRIMLJENU DANA 31. SIJE\u010cNJA 2019. GODINE, RASPISUJE NATJE\u010cAJ Za prijem u radni odnos: &#8211; RADNIK ZA URE\u0110ENJE I \u010cI\u0160\u0106ENJE VANJSKIH PROSTORA &#8211; VOZA\u010c&hellip;<\/p>\n","protected":false},"author":1,"featured_media":0,"comment_status":"closed","ping_status":"closed","sticky":false,"template":"","format":"standard","meta":{"ngg_post_thumbnail":0,"footnotes":""},"categories":[9],"tags":[],"_links":{"self":[{"href":"https:\/\/dom-orehovica.hr\/index.php?rest_route=\/wp\/v2\/posts\/2176"}],"collection":[{"href":"https:\/\/dom-orehovica.hr\/index.php?rest_route=\/wp\/v2\/posts"}],"about":[{"href":"https:\/\/dom-orehovica.hr\/index.php?rest_route=\/wp\/v2\/types\/post"}],"author":[{"embeddable":true,"href":"https:\/\/dom-orehovica.hr\/index.php?rest_route=\/wp\/v2\/users\/1"}],"replies":[{"embeddable":true,"href":"https:\/\/dom-orehovica.hr\/index.php?rest_route=%2Fwp%2Fv2%2Fcomments&post=2176"}],"version-history":[{"count":1,"href":"https:\/\/dom-orehovica.hr\/index.php?rest_route=\/wp\/v2\/posts\/2176\/revisions"}],"predecessor-version":[{"id":2178,"href":"https:\/\/dom-orehovica.hr\/index.php?rest_route=\/wp\/v2\/posts\/2176\/revisions\/2178"}],"wp:attachment":[{"href":"https:\/\/dom-orehovica.hr\/index.php?rest_route=%2Fwp%2Fv2%2Fmedia&parent=2176"}],"wp:term":[{"taxonomy":"category","embeddable":true,"href":"https:\/\/dom-orehovica.hr\/index.php?rest_route=%2Fwp%2Fv2%2Fcategories&post=2176"},{"taxonomy":"post_tag","embeddable":true,"href":"https:\/\/dom-orehovica.hr\/index.php?rest_route=%2Fwp%2Fv2%2Ftags&post=2176"}],"curies":[{"name":"wp","href":"https:\/\/api.w.org\/{rel}","templated":true}]}}