{"id":2117,"date":"2018-11-21T10:39:02","date_gmt":"2018-11-21T09:39:02","guid":{"rendered":"http:\/\/dom-orehovica.hr\/?p=2117"},"modified":"2018-11-21T10:39:02","modified_gmt":"2018-11-21T09:39:02","slug":"javni-natjecaj-rehabilitator","status":"publish","type":"post","link":"https:\/\/dom-orehovica.hr\/?p=2117","title":{"rendered":"Javni natje\u010daj &#8211; rehabilitator"},"content":{"rendered":"<p style=\"text-align: justify;\">Na temelju odluke Ministarstva za demografiju, obitelj, mlade i socijalnu politiku od 8.11.2018. godine, u skladu s provedbom mjere aktivne politike zapo\u0161ljavanja za stjecanje prvog radnog iskustva\/pripravni\u0161tvo, ravnateljica Doma za odrasle osobe Orehovica, Suzana Belavi\u0107, dipl. soc. radnica, raspisuje:<\/p>\n<p style=\"text-align: center;\"><strong>Javni natje\u010daj<\/strong><\/p>\n<p style=\"text-align: justify;\">za prijam stru\u010dnog radnika &#8211; pripravnika\/ice, 1 izvr\u0161itelj\/ica, na odre\u0111eno vrijeme od 12 mjeseci, radi obavljanja pripravni\u010dkog sta\u017ea i to<\/p>\n<ol style=\"text-align: justify;\">\n<li><strong>REHABILITATORA &#8211; 1 izvr\u0161itelj<\/strong><\/li>\n<\/ol>\n<p style=\"text-align: justify;\"><em><span style=\"font-size: 8pt;\">Vi\u0161e u pdf dokumentu:<\/span><\/em><\/p>\n<p style=\"text-align: justify;\"><span style=\"text-decoration: underline; color: #3366ff;\"><em><a style=\"color: #3366ff; text-decoration: underline;\" href=\"http:\/\/dom-orehovica.hr\/wp-content\/uploads\/2018\/11\/Natjecaj-rehabilitator.pdf\" target=\"_blank\" rel=\"noopener\">Natjecaj &#8211; rehabilitator<\/a><\/em><\/span>&nbsp;(pdf)<\/p>\n","protected":false},"excerpt":{"rendered":"<p>Na temelju odluke Ministarstva za demografiju, obitelj, mlade i socijalnu politiku od 8.11.2018. godine, u skladu s provedbom mjere aktivne politike zapo\u0161ljavanja za stjecanje prvog radnog iskustva\/pripravni\u0161tvo, ravnateljica Doma za odrasle osobe Orehovica, Suzana Belavi\u0107, dipl. soc. radnica, raspisuje: Javni natje\u010daj za prijam stru\u010dnog radnika &#8211; pripravnika\/ice, 1 izvr\u0161itelj\/ica, na odre\u0111eno vrijeme od 12 mjeseci,&hellip;<\/p>\n","protected":false},"author":1,"featured_media":0,"comment_status":"closed","ping_status":"closed","sticky":false,"template":"","format":"standard","meta":{"ngg_post_thumbnail":0,"footnotes":""},"categories":[9],"tags":[],"_links":{"self":[{"href":"https:\/\/dom-orehovica.hr\/index.php?rest_route=\/wp\/v2\/posts\/2117"}],"collection":[{"href":"https:\/\/dom-orehovica.hr\/index.php?rest_route=\/wp\/v2\/posts"}],"about":[{"href":"https:\/\/dom-orehovica.hr\/index.php?rest_route=\/wp\/v2\/types\/post"}],"author":[{"embeddable":true,"href":"https:\/\/dom-orehovica.hr\/index.php?rest_route=\/wp\/v2\/users\/1"}],"replies":[{"embeddable":true,"href":"https:\/\/dom-orehovica.hr\/index.php?rest_route=%2Fwp%2Fv2%2Fcomments&post=2117"}],"version-history":[{"count":1,"href":"https:\/\/dom-orehovica.hr\/index.php?rest_route=\/wp\/v2\/posts\/2117\/revisions"}],"predecessor-version":[{"id":2120,"href":"https:\/\/dom-orehovica.hr\/index.php?rest_route=\/wp\/v2\/posts\/2117\/revisions\/2120"}],"wp:attachment":[{"href":"https:\/\/dom-orehovica.hr\/index.php?rest_route=%2Fwp%2Fv2%2Fmedia&parent=2117"}],"wp:term":[{"taxonomy":"category","embeddable":true,"href":"https:\/\/dom-orehovica.hr\/index.php?rest_route=%2Fwp%2Fv2%2Fcategories&post=2117"},{"taxonomy":"post_tag","embeddable":true,"href":"https:\/\/dom-orehovica.hr\/index.php?rest_route=%2Fwp%2Fv2%2Ftags&post=2117"}],"curies":[{"name":"wp","href":"https:\/\/api.w.org\/{rel}","templated":true}]}}