{"id":2109,"date":"2018-11-06T08:34:24","date_gmt":"2018-11-06T07:34:24","guid":{"rendered":"http:\/\/dom-orehovica.hr\/?p=2109"},"modified":"2018-11-06T08:34:24","modified_gmt":"2018-11-06T07:34:24","slug":"ponistenje-natjecaja-za-radno-mjesto-njegovatelja-ice","status":"publish","type":"post","link":"https:\/\/dom-orehovica.hr\/?p=2109","title":{"rendered":"Poni\u0161tenje natje\u010daja za radno mjesto njegovatelja\/ice"},"content":{"rendered":"<p style=\"text-align: justify;\">Ravnateljica Doma za odrasle osobe Orehovica temeljem \u010dlanka 36. Statuta Doma za odrasle osobe Orehovica donosi:<\/p>\n<p style=\"text-align: justify;\"><strong>Odluku o poni\u0161tenju natje\u010daja za radno mjesto njegovatelja\/ice<\/strong><\/p>\n<p style=\"text-align: justify;\"><span style=\"text-decoration: underline; color: #3366ff;\"><em><a style=\"color: #3366ff; text-decoration: underline;\" href=\"http:\/\/dom-orehovica.hr\/wp-content\/uploads\/2018\/11\/Odluka-o-ponistenju-natjecaja-za-njegovateljicu.pdf\" target=\"_blank\" rel=\"noopener\">Odluka o ponistenju natjecaja za njegovateljicu<\/a><\/em><\/span>&nbsp;(pdf)<\/p>\n","protected":false},"excerpt":{"rendered":"<p>Ravnateljica Doma za odrasle osobe Orehovica temeljem \u010dlanka 36. Statuta Doma za odrasle osobe Orehovica donosi: Odluku o poni\u0161tenju natje\u010daja za radno mjesto njegovatelja\/ice Odluka o ponistenju natjecaja za njegovateljicu&nbsp;(pdf)<\/p>\n","protected":false},"author":1,"featured_media":0,"comment_status":"closed","ping_status":"closed","sticky":false,"template":"","format":"standard","meta":{"ngg_post_thumbnail":0,"footnotes":""},"categories":[9],"tags":[],"_links":{"self":[{"href":"https:\/\/dom-orehovica.hr\/index.php?rest_route=\/wp\/v2\/posts\/2109"}],"collection":[{"href":"https:\/\/dom-orehovica.hr\/index.php?rest_route=\/wp\/v2\/posts"}],"about":[{"href":"https:\/\/dom-orehovica.hr\/index.php?rest_route=\/wp\/v2\/types\/post"}],"author":[{"embeddable":true,"href":"https:\/\/dom-orehovica.hr\/index.php?rest_route=\/wp\/v2\/users\/1"}],"replies":[{"embeddable":true,"href":"https:\/\/dom-orehovica.hr\/index.php?rest_route=%2Fwp%2Fv2%2Fcomments&post=2109"}],"version-history":[{"count":1,"href":"https:\/\/dom-orehovica.hr\/index.php?rest_route=\/wp\/v2\/posts\/2109\/revisions"}],"predecessor-version":[{"id":2111,"href":"https:\/\/dom-orehovica.hr\/index.php?rest_route=\/wp\/v2\/posts\/2109\/revisions\/2111"}],"wp:attachment":[{"href":"https:\/\/dom-orehovica.hr\/index.php?rest_route=%2Fwp%2Fv2%2Fmedia&parent=2109"}],"wp:term":[{"taxonomy":"category","embeddable":true,"href":"https:\/\/dom-orehovica.hr\/index.php?rest_route=%2Fwp%2Fv2%2Fcategories&post=2109"},{"taxonomy":"post_tag","embeddable":true,"href":"https:\/\/dom-orehovica.hr\/index.php?rest_route=%2Fwp%2Fv2%2Ftags&post=2109"}],"curies":[{"name":"wp","href":"https:\/\/api.w.org\/{rel}","templated":true}]}}