{"id":1220,"date":"2018-02-20T09:40:49","date_gmt":"2018-02-20T08:40:49","guid":{"rendered":"http:\/\/dom-orehovica.hr\/web\/?p=1220"},"modified":"2018-07-04T06:12:44","modified_gmt":"2018-07-04T04:12:44","slug":"maskare-2018","status":"publish","type":"post","link":"https:\/\/dom-orehovica.hr\/?p=1220","title":{"rendered":"Ma\u0161kare 2018."},"content":{"rendered":"<p><em><strong>Ma\u0161kare zavladale Domom za odrasle osobe Orehovica.<\/strong><\/em><\/p>\n<p style=\"text-align: justify;\">Nakon \u0161to im je ravnateljica ustanove u utorak predala klju\u010deve Doma, vlast su preuzele ma\u0161kare.<\/p>\n<!-- default-view.php -->\n<div\n\tclass=\"ngg-galleryoverview default-view \n\t ngg-ajax-pagination-none\t\"\n\tid=\"ngg-gallery-6069c8af150e630acb550126d5452b95-1\">\n\n\t\t<!-- Thumbnails -->\n\t\t\t\t<div id=\"ngg-image-0\" class=\"ngg-gallery-thumbnail-box \n\t\t\t\t\t\t\t\t\t\t\t\" \n\t\t\t>\n\t\t\t\t\t\t<div class=\"ngg-gallery-thumbnail\">\n\t\t\t<a href=\"https:\/\/dom-orehovica.hr\/wp-content\/gallery\/maskare-2018-blur\/DSC06132.jpg\"\n\t\t\t\ttitle=\"\"\n\t\t\t\tdata-src=\"https:\/\/dom-orehovica.hr\/wp-content\/gallery\/maskare-2018-blur\/DSC06132.jpg\"\n\t\t\t\tdata-thumbnail=\"https:\/\/dom-orehovica.hr\/wp-content\/gallery\/maskare-2018-blur\/thumbs\/thumbs_DSC06132.jpg\"\n\t\t\t\tdata-image-id=\"200\"\n\t\t\t\tdata-title=\"DSC06132\"\n\t\t\t\tdata-description=\"\"\n\t\t\t\tdata-image-slug=\"dsc06132-1\"\n\t\t\t\tclass=\"ngg-fancybox\" rel=\"6069c8af150e630acb550126d5452b95\">\n\t\t\t\t<img\n\t\t\t\t\ttitle=\"DSC06132\"\n\t\t\t\t\talt=\"DSC06132\"\n\t\t\t\t\tsrc=\"https:\/\/dom-orehovica.hr\/wp-content\/gallery\/maskare-2018-blur\/thumbs\/thumbs_DSC06132.jpg\"\n\t\t\t\t\twidth=\"240\"\n\t\t\t\t\theight=\"160\"\n\t\t\t\t\tstyle=\"max-width:100%;\"\n\t\t\t\t\/>\n\t\t\t<\/a>\n\t\t<\/div>\n\t\t\t\t\t\t\t<\/div> \n\t\t\t\n\t\t\t\t<div id=\"ngg-image-1\" class=\"ngg-gallery-thumbnail-box \n\t\t\t\t\t\t\t\t\t\t\t\" \n\t\t\t>\n\t\t\t\t\t\t<div class=\"ngg-gallery-thumbnail\">\n\t\t\t<a href=\"https:\/\/dom-orehovica.hr\/wp-content\/gallery\/maskare-2018-blur\/DSC06136.jpg\"\n\t\t\t\ttitle=\"\"\n\t\t\t\tdata-src=\"https:\/\/dom-orehovica.hr\/wp-content\/gallery\/maskare-2018-blur\/DSC06136.jpg\"\n\t\t\t\tdata-thumbnail=\"https:\/\/dom-orehovica.hr\/wp-content\/gallery\/maskare-2018-blur\/thumbs\/thumbs_DSC06136.jpg\"\n\t\t\t\tdata-image-id=\"201\"\n\t\t\t\tdata-title=\"DSC06136\"\n\t\t\t\tdata-description=\"\"\n\t\t\t\tdata-image-slug=\"dsc06136-1\"\n\t\t\t\tclass=\"ngg-fancybox\" rel=\"6069c8af150e630acb550126d5452b95\">\n\t\t\t\t<img\n\t\t\t\t\ttitle=\"DSC06136\"\n\t\t\t\t\talt=\"DSC06136\"\n\t\t\t\t\tsrc=\"https:\/\/dom-orehovica.hr\/wp-content\/gallery\/maskare-2018-blur\/thumbs\/thumbs_DSC06136.jpg\"\n\t\t\t\t\twidth=\"240\"\n\t\t\t\t\theight=\"160\"\n\t\t\t\t\tstyle=\"max-width:100%;\"\n\t\t\t\t\/>\n\t\t\t<\/a>\n\t\t<\/div>\n\t\t\t\t\t\t\t<\/div> \n\t\t\t\n\t\t\t\t<div id=\"ngg-image-2\" class=\"ngg-gallery-thumbnail-box \n\t\t\t\t\t\t\t\t\t\t\t\" \n\t\t\t>\n\t\t\t\t\t\t<div class=\"ngg-gallery-thumbnail\">\n\t\t\t<a href=\"https:\/\/dom-orehovica.hr\/wp-content\/gallery\/maskare-2018-blur\/DSC06141.jpg\"\n\t\t\t\ttitle=\"\"\n\t\t\t\tdata-src=\"https:\/\/dom-orehovica.hr\/wp-content\/gallery\/maskare-2018-blur\/DSC06141.jpg\"\n\t\t\t\tdata-thumbnail=\"https:\/\/dom-orehovica.hr\/wp-content\/gallery\/maskare-2018-blur\/thumbs\/thumbs_DSC06141.jpg\"\n\t\t\t\tdata-image-id=\"202\"\n\t\t\t\tdata-title=\"DSC06141\"\n\t\t\t\tdata-description=\"\"\n\t\t\t\tdata-image-slug=\"dsc06141-1\"\n\t\t\t\tclass=\"ngg-fancybox\" rel=\"6069c8af150e630acb550126d5452b95\">\n\t\t\t\t<img\n\t\t\t\t\ttitle=\"DSC06141\"\n\t\t\t\t\talt=\"DSC06141\"\n\t\t\t\t\tsrc=\"https:\/\/dom-orehovica.hr\/wp-content\/gallery\/maskare-2018-blur\/thumbs\/thumbs_DSC06141.jpg\"\n\t\t\t\t\twidth=\"240\"\n\t\t\t\t\theight=\"160\"\n\t\t\t\t\tstyle=\"max-width:100%;\"\n\t\t\t\t\/>\n\t\t\t<\/a>\n\t\t<\/div>\n\t\t\t\t\t\t\t<\/div> \n\t\t\t\n\t\t\t\t<div id=\"ngg-image-3\" class=\"ngg-gallery-thumbnail-box \n\t\t\t\t\t\t\t\t\t\t\t\" \n\t\t\t>\n\t\t\t\t\t\t<div class=\"ngg-gallery-thumbnail\">\n\t\t\t<a href=\"https:\/\/dom-orehovica.hr\/wp-content\/gallery\/maskare-2018-blur\/DSC06146.jpg\"\n\t\t\t\ttitle=\"\"\n\t\t\t\tdata-src=\"https:\/\/dom-orehovica.hr\/wp-content\/gallery\/maskare-2018-blur\/DSC06146.jpg\"\n\t\t\t\tdata-thumbnail=\"https:\/\/dom-orehovica.hr\/wp-content\/gallery\/maskare-2018-blur\/thumbs\/thumbs_DSC06146.jpg\"\n\t\t\t\tdata-image-id=\"203\"\n\t\t\t\tdata-title=\"DSC06146\"\n\t\t\t\tdata-description=\"\"\n\t\t\t\tdata-image-slug=\"dsc06146-1\"\n\t\t\t\tclass=\"ngg-fancybox\" rel=\"6069c8af150e630acb550126d5452b95\">\n\t\t\t\t<img\n\t\t\t\t\ttitle=\"DSC06146\"\n\t\t\t\t\talt=\"DSC06146\"\n\t\t\t\t\tsrc=\"https:\/\/dom-orehovica.hr\/wp-content\/gallery\/maskare-2018-blur\/thumbs\/thumbs_DSC06146.jpg\"\n\t\t\t\t\twidth=\"240\"\n\t\t\t\t\theight=\"160\"\n\t\t\t\t\tstyle=\"max-width:100%;\"\n\t\t\t\t\/>\n\t\t\t<\/a>\n\t\t<\/div>\n\t\t\t\t\t\t\t<\/div> \n\t\t\t\n\t\t\t\t<div id=\"ngg-image-4\" class=\"ngg-gallery-thumbnail-box \n\t\t\t\t\t\t\t\t\t\t\t\" \n\t\t\t>\n\t\t\t\t\t\t<div class=\"ngg-gallery-thumbnail\">\n\t\t\t<a href=\"https:\/\/dom-orehovica.hr\/wp-content\/gallery\/maskare-2018-blur\/DSC06150.jpg\"\n\t\t\t\ttitle=\"\"\n\t\t\t\tdata-src=\"https:\/\/dom-orehovica.hr\/wp-content\/gallery\/maskare-2018-blur\/DSC06150.jpg\"\n\t\t\t\tdata-thumbnail=\"https:\/\/dom-orehovica.hr\/wp-content\/gallery\/maskare-2018-blur\/thumbs\/thumbs_DSC06150.jpg\"\n\t\t\t\tdata-image-id=\"204\"\n\t\t\t\tdata-title=\"DSC06150\"\n\t\t\t\tdata-description=\"\"\n\t\t\t\tdata-image-slug=\"dsc06150-1\"\n\t\t\t\tclass=\"ngg-fancybox\" rel=\"6069c8af150e630acb550126d5452b95\">\n\t\t\t\t<img\n\t\t\t\t\ttitle=\"DSC06150\"\n\t\t\t\t\talt=\"DSC06150\"\n\t\t\t\t\tsrc=\"https:\/\/dom-orehovica.hr\/wp-content\/gallery\/maskare-2018-blur\/thumbs\/thumbs_DSC06150.jpg\"\n\t\t\t\t\twidth=\"240\"\n\t\t\t\t\theight=\"160\"\n\t\t\t\t\tstyle=\"max-width:100%;\"\n\t\t\t\t\/>\n\t\t\t<\/a>\n\t\t<\/div>\n\t\t\t\t\t\t\t<\/div> \n\t\t\t\n\t\t\t\t<div id=\"ngg-image-5\" class=\"ngg-gallery-thumbnail-box \n\t\t\t\t\t\t\t\t\t\t\t\" \n\t\t\t>\n\t\t\t\t\t\t<div class=\"ngg-gallery-thumbnail\">\n\t\t\t<a href=\"https:\/\/dom-orehovica.hr\/wp-content\/gallery\/maskare-2018-blur\/DSC06154.jpg\"\n\t\t\t\ttitle=\"\"\n\t\t\t\tdata-src=\"https:\/\/dom-orehovica.hr\/wp-content\/gallery\/maskare-2018-blur\/DSC06154.jpg\"\n\t\t\t\tdata-thumbnail=\"https:\/\/dom-orehovica.hr\/wp-content\/gallery\/maskare-2018-blur\/thumbs\/thumbs_DSC06154.jpg\"\n\t\t\t\tdata-image-id=\"205\"\n\t\t\t\tdata-title=\"DSC06154\"\n\t\t\t\tdata-description=\"\"\n\t\t\t\tdata-image-slug=\"dsc06154-1\"\n\t\t\t\tclass=\"ngg-fancybox\" rel=\"6069c8af150e630acb550126d5452b95\">\n\t\t\t\t<img\n\t\t\t\t\ttitle=\"DSC06154\"\n\t\t\t\t\talt=\"DSC06154\"\n\t\t\t\t\tsrc=\"https:\/\/dom-orehovica.hr\/wp-content\/gallery\/maskare-2018-blur\/thumbs\/thumbs_DSC06154.jpg\"\n\t\t\t\t\twidth=\"240\"\n\t\t\t\t\theight=\"160\"\n\t\t\t\t\tstyle=\"max-width:100%;\"\n\t\t\t\t\/>\n\t\t\t<\/a>\n\t\t<\/div>\n\t\t\t\t\t\t\t<\/div> \n\t\t\t\n\t\t\t\t<div id=\"ngg-image-6\" class=\"ngg-gallery-thumbnail-box \n\t\t\t\t\t\t\t\t\t\t\t\" \n\t\t\t>\n\t\t\t\t\t\t<div class=\"ngg-gallery-thumbnail\">\n\t\t\t<a href=\"https:\/\/dom-orehovica.hr\/wp-content\/gallery\/maskare-2018-blur\/DSC06156.jpg\"\n\t\t\t\ttitle=\"\"\n\t\t\t\tdata-src=\"https:\/\/dom-orehovica.hr\/wp-content\/gallery\/maskare-2018-blur\/DSC06156.jpg\"\n\t\t\t\tdata-thumbnail=\"https:\/\/dom-orehovica.hr\/wp-content\/gallery\/maskare-2018-blur\/thumbs\/thumbs_DSC06156.jpg\"\n\t\t\t\tdata-image-id=\"206\"\n\t\t\t\tdata-title=\"DSC06156\"\n\t\t\t\tdata-description=\"\"\n\t\t\t\tdata-image-slug=\"dsc06156-1\"\n\t\t\t\tclass=\"ngg-fancybox\" rel=\"6069c8af150e630acb550126d5452b95\">\n\t\t\t\t<img\n\t\t\t\t\ttitle=\"DSC06156\"\n\t\t\t\t\talt=\"DSC06156\"\n\t\t\t\t\tsrc=\"https:\/\/dom-orehovica.hr\/wp-content\/gallery\/maskare-2018-blur\/thumbs\/thumbs_DSC06156.jpg\"\n\t\t\t\t\twidth=\"240\"\n\t\t\t\t\theight=\"160\"\n\t\t\t\t\tstyle=\"max-width:100%;\"\n\t\t\t\t\/>\n\t\t\t<\/a>\n\t\t<\/div>\n\t\t\t\t\t\t\t<\/div> \n\t\t\t\n\t\n\t<br style=\"clear: both\" \/>\n\n\t\n\t\t<!-- Pagination -->\n\t\t<div class='ngg-clear'><\/div>\t<\/div>\n\n","protected":false},"excerpt":{"rendered":"<p>Ma\u0161kare zavladale Domom za odrasle osobe Orehovica. Nakon \u0161to im je ravnateljica ustanove u utorak predala klju\u010deve Doma, vlast su preuzele ma\u0161kare. &#8221; order_by=&#8221;sortorder&#8221; order_direction=&#8221;ASC&#8221; returns=&#8221;included&#8221; maximum_entity_count=&#8221;500&#8243;]<\/p>\n","protected":false},"author":2,"featured_media":2056,"comment_status":"closed","ping_status":"open","sticky":false,"template":"","format":"standard","meta":{"ngg_post_thumbnail":0,"footnotes":""},"categories":[10],"tags":[],"_links":{"self":[{"href":"https:\/\/dom-orehovica.hr\/index.php?rest_route=\/wp\/v2\/posts\/1220"}],"collection":[{"href":"https:\/\/dom-orehovica.hr\/index.php?rest_route=\/wp\/v2\/posts"}],"about":[{"href":"https:\/\/dom-orehovica.hr\/index.php?rest_route=\/wp\/v2\/types\/post"}],"author":[{"embeddable":true,"href":"https:\/\/dom-orehovica.hr\/index.php?rest_route=\/wp\/v2\/users\/2"}],"replies":[{"embeddable":true,"href":"https:\/\/dom-orehovica.hr\/index.php?rest_route=%2Fwp%2Fv2%2Fcomments&post=1220"}],"version-history":[{"count":3,"href":"https:\/\/dom-orehovica.hr\/index.php?rest_route=\/wp\/v2\/posts\/1220\/revisions"}],"predecessor-version":[{"id":2058,"href":"https:\/\/dom-orehovica.hr\/index.php?rest_route=\/wp\/v2\/posts\/1220\/revisions\/2058"}],"wp:featuredmedia":[{"embeddable":true,"href":"https:\/\/dom-orehovica.hr\/index.php?rest_route=\/wp\/v2\/media\/2056"}],"wp:attachment":[{"href":"https:\/\/dom-orehovica.hr\/index.php?rest_route=%2Fwp%2Fv2%2Fmedia&parent=1220"}],"wp:term":[{"taxonomy":"category","embeddable":true,"href":"https:\/\/dom-orehovica.hr\/index.php?rest_route=%2Fwp%2Fv2%2Fcategories&post=1220"},{"taxonomy":"post_tag","embeddable":true,"href":"https:\/\/dom-orehovica.hr\/index.php?rest_route=%2Fwp%2Fv2%2Ftags&post=1220"}],"curies":[{"name":"wp","href":"https:\/\/api.w.org\/{rel}","templated":true}]}}