{"id":1214,"date":"2017-12-05T09:34:16","date_gmt":"2017-12-05T08:34:16","guid":{"rendered":"http:\/\/dom-orehovica.hr\/web\/?p=1214"},"modified":"2018-07-04T06:15:24","modified_gmt":"2018-07-04T04:15:24","slug":"sveti-nikola-u-domu","status":"publish","type":"post","link":"https:\/\/dom-orehovica.hr\/?p=1214","title":{"rendered":"Sveti Nikola u Domu"},"content":{"rendered":"<p><em><strong>Sveti Nikola u Domu za odrasle osobe Orehovica, 5.12.2017. godine<\/strong><\/em><\/p>\n<p style=\"text-align: justify;\">Uz ve\u0107 tradicionalni poklon Mirka \u0160venda \u017dige na\u0161oj ustanovi, proslavili smo dolazak Svetog Nikole uz pjesmu i radost nadolaze\u0107ih blagdana.<\/p>\n<!-- default-view.php -->\n<div\n\tclass=\"ngg-galleryoverview default-view \n\t ngg-ajax-pagination-none\t\"\n\tid=\"ngg-gallery-5f49286a1cf05b395091f369b5c9a41e-1\">\n\n\t\t<!-- Thumbnails -->\n\t\t\t\t<div id=\"ngg-image-0\" class=\"ngg-gallery-thumbnail-box \n\t\t\t\t\t\t\t\t\t\t\t\" \n\t\t\t>\n\t\t\t\t\t\t<div class=\"ngg-gallery-thumbnail\">\n\t\t\t<a href=\"https:\/\/dom-orehovica.hr\/wp-content\/gallery\/sveti-nikola-2018-blur\/DSC06025.jpg\"\n\t\t\t\ttitle=\"\"\n\t\t\t\tdata-src=\"https:\/\/dom-orehovica.hr\/wp-content\/gallery\/sveti-nikola-2018-blur\/DSC06025.jpg\"\n\t\t\t\tdata-thumbnail=\"https:\/\/dom-orehovica.hr\/wp-content\/gallery\/sveti-nikola-2018-blur\/thumbs\/thumbs_DSC06025.jpg\"\n\t\t\t\tdata-image-id=\"207\"\n\t\t\t\tdata-title=\"DSC06025\"\n\t\t\t\tdata-description=\"\"\n\t\t\t\tdata-image-slug=\"dsc06025-1\"\n\t\t\t\tclass=\"ngg-fancybox\" rel=\"5f49286a1cf05b395091f369b5c9a41e\">\n\t\t\t\t<img\n\t\t\t\t\ttitle=\"DSC06025\"\n\t\t\t\t\talt=\"DSC06025\"\n\t\t\t\t\tsrc=\"https:\/\/dom-orehovica.hr\/wp-content\/gallery\/sveti-nikola-2018-blur\/thumbs\/thumbs_DSC06025.jpg\"\n\t\t\t\t\twidth=\"240\"\n\t\t\t\t\theight=\"160\"\n\t\t\t\t\tstyle=\"max-width:100%;\"\n\t\t\t\t\/>\n\t\t\t<\/a>\n\t\t<\/div>\n\t\t\t\t\t\t\t<\/div> \n\t\t\t\n\t\t\t\t<div id=\"ngg-image-1\" class=\"ngg-gallery-thumbnail-box \n\t\t\t\t\t\t\t\t\t\t\t\" \n\t\t\t>\n\t\t\t\t\t\t<div class=\"ngg-gallery-thumbnail\">\n\t\t\t<a href=\"https:\/\/dom-orehovica.hr\/wp-content\/gallery\/sveti-nikola-2018-blur\/DSC06033.jpg\"\n\t\t\t\ttitle=\"\"\n\t\t\t\tdata-src=\"https:\/\/dom-orehovica.hr\/wp-content\/gallery\/sveti-nikola-2018-blur\/DSC06033.jpg\"\n\t\t\t\tdata-thumbnail=\"https:\/\/dom-orehovica.hr\/wp-content\/gallery\/sveti-nikola-2018-blur\/thumbs\/thumbs_DSC06033.jpg\"\n\t\t\t\tdata-image-id=\"208\"\n\t\t\t\tdata-title=\"DSC06033\"\n\t\t\t\tdata-description=\"\"\n\t\t\t\tdata-image-slug=\"dsc06033-1\"\n\t\t\t\tclass=\"ngg-fancybox\" rel=\"5f49286a1cf05b395091f369b5c9a41e\">\n\t\t\t\t<img\n\t\t\t\t\ttitle=\"DSC06033\"\n\t\t\t\t\talt=\"DSC06033\"\n\t\t\t\t\tsrc=\"https:\/\/dom-orehovica.hr\/wp-content\/gallery\/sveti-nikola-2018-blur\/thumbs\/thumbs_DSC06033.jpg\"\n\t\t\t\t\twidth=\"240\"\n\t\t\t\t\theight=\"160\"\n\t\t\t\t\tstyle=\"max-width:100%;\"\n\t\t\t\t\/>\n\t\t\t<\/a>\n\t\t<\/div>\n\t\t\t\t\t\t\t<\/div> \n\t\t\t\n\t\t\t\t<div id=\"ngg-image-2\" class=\"ngg-gallery-thumbnail-box \n\t\t\t\t\t\t\t\t\t\t\t\" \n\t\t\t>\n\t\t\t\t\t\t<div class=\"ngg-gallery-thumbnail\">\n\t\t\t<a href=\"https:\/\/dom-orehovica.hr\/wp-content\/gallery\/sveti-nikola-2018-blur\/DSC06058.jpg\"\n\t\t\t\ttitle=\"\"\n\t\t\t\tdata-src=\"https:\/\/dom-orehovica.hr\/wp-content\/gallery\/sveti-nikola-2018-blur\/DSC06058.jpg\"\n\t\t\t\tdata-thumbnail=\"https:\/\/dom-orehovica.hr\/wp-content\/gallery\/sveti-nikola-2018-blur\/thumbs\/thumbs_DSC06058.jpg\"\n\t\t\t\tdata-image-id=\"209\"\n\t\t\t\tdata-title=\"DSC06058\"\n\t\t\t\tdata-description=\"\"\n\t\t\t\tdata-image-slug=\"dsc06058-1\"\n\t\t\t\tclass=\"ngg-fancybox\" rel=\"5f49286a1cf05b395091f369b5c9a41e\">\n\t\t\t\t<img\n\t\t\t\t\ttitle=\"DSC06058\"\n\t\t\t\t\talt=\"DSC06058\"\n\t\t\t\t\tsrc=\"https:\/\/dom-orehovica.hr\/wp-content\/gallery\/sveti-nikola-2018-blur\/thumbs\/thumbs_DSC06058.jpg\"\n\t\t\t\t\twidth=\"240\"\n\t\t\t\t\theight=\"160\"\n\t\t\t\t\tstyle=\"max-width:100%;\"\n\t\t\t\t\/>\n\t\t\t<\/a>\n\t\t<\/div>\n\t\t\t\t\t\t\t<\/div> \n\t\t\t\n\t\t\t\t<div id=\"ngg-image-3\" class=\"ngg-gallery-thumbnail-box \n\t\t\t\t\t\t\t\t\t\t\t\" \n\t\t\t>\n\t\t\t\t\t\t<div class=\"ngg-gallery-thumbnail\">\n\t\t\t<a href=\"https:\/\/dom-orehovica.hr\/wp-content\/gallery\/sveti-nikola-2018-blur\/DSC06128.jpg\"\n\t\t\t\ttitle=\"\"\n\t\t\t\tdata-src=\"https:\/\/dom-orehovica.hr\/wp-content\/gallery\/sveti-nikola-2018-blur\/DSC06128.jpg\"\n\t\t\t\tdata-thumbnail=\"https:\/\/dom-orehovica.hr\/wp-content\/gallery\/sveti-nikola-2018-blur\/thumbs\/thumbs_DSC06128.jpg\"\n\t\t\t\tdata-image-id=\"210\"\n\t\t\t\tdata-title=\"DSC06128\"\n\t\t\t\tdata-description=\"\"\n\t\t\t\tdata-image-slug=\"dsc06128-1\"\n\t\t\t\tclass=\"ngg-fancybox\" rel=\"5f49286a1cf05b395091f369b5c9a41e\">\n\t\t\t\t<img\n\t\t\t\t\ttitle=\"DSC06128\"\n\t\t\t\t\talt=\"DSC06128\"\n\t\t\t\t\tsrc=\"https:\/\/dom-orehovica.hr\/wp-content\/gallery\/sveti-nikola-2018-blur\/thumbs\/thumbs_DSC06128.jpg\"\n\t\t\t\t\twidth=\"240\"\n\t\t\t\t\theight=\"160\"\n\t\t\t\t\tstyle=\"max-width:100%;\"\n\t\t\t\t\/>\n\t\t\t<\/a>\n\t\t<\/div>\n\t\t\t\t\t\t\t<\/div> \n\t\t\t\n\t\n\t<br style=\"clear: both\" \/>\n\n\t\n\t\t<!-- Pagination -->\n\t\t<div class='ngg-clear'><\/div>\t<\/div>\n\n","protected":false},"excerpt":{"rendered":"<p>Sveti Nikola u Domu za odrasle osobe Orehovica, 5.12.2017. godine Uz ve\u0107 tradicionalni poklon Mirka \u0160venda \u017dige na\u0161oj ustanovi, proslavili smo dolazak Svetog Nikole uz pjesmu i radost nadolaze\u0107ih blagdana. &#8221; order_by=&#8221;sortorder&#8221; order_direction=&#8221;ASC&#8221; returns=&#8221;included&#8221; maximum_entity_count=&#8221;500&#8243;]<\/p>\n","protected":false},"author":2,"featured_media":2063,"comment_status":"closed","ping_status":"open","sticky":false,"template":"","format":"standard","meta":{"ngg_post_thumbnail":0,"footnotes":""},"categories":[10],"tags":[],"_links":{"self":[{"href":"https:\/\/dom-orehovica.hr\/index.php?rest_route=\/wp\/v2\/posts\/1214"}],"collection":[{"href":"https:\/\/dom-orehovica.hr\/index.php?rest_route=\/wp\/v2\/posts"}],"about":[{"href":"https:\/\/dom-orehovica.hr\/index.php?rest_route=\/wp\/v2\/types\/post"}],"author":[{"embeddable":true,"href":"https:\/\/dom-orehovica.hr\/index.php?rest_route=\/wp\/v2\/users\/2"}],"replies":[{"embeddable":true,"href":"https:\/\/dom-orehovica.hr\/index.php?rest_route=%2Fwp%2Fv2%2Fcomments&post=1214"}],"version-history":[{"count":3,"href":"https:\/\/dom-orehovica.hr\/index.php?rest_route=\/wp\/v2\/posts\/1214\/revisions"}],"predecessor-version":[{"id":2064,"href":"https:\/\/dom-orehovica.hr\/index.php?rest_route=\/wp\/v2\/posts\/1214\/revisions\/2064"}],"wp:featuredmedia":[{"embeddable":true,"href":"https:\/\/dom-orehovica.hr\/index.php?rest_route=\/wp\/v2\/media\/2063"}],"wp:attachment":[{"href":"https:\/\/dom-orehovica.hr\/index.php?rest_route=%2Fwp%2Fv2%2Fmedia&parent=1214"}],"wp:term":[{"taxonomy":"category","embeddable":true,"href":"https:\/\/dom-orehovica.hr\/index.php?rest_route=%2Fwp%2Fv2%2Fcategories&post=1214"},{"taxonomy":"post_tag","embeddable":true,"href":"https:\/\/dom-orehovica.hr\/index.php?rest_route=%2Fwp%2Fv2%2Ftags&post=1214"}],"curies":[{"name":"wp","href":"https:\/\/api.w.org\/{rel}","templated":true}]}}