{"id":1212,"date":"2017-11-27T09:30:46","date_gmt":"2017-11-27T08:30:46","guid":{"rendered":"http:\/\/dom-orehovica.hr\/web\/?p=1212"},"modified":"2018-03-29T10:21:50","modified_gmt":"2018-03-29T08:21:50","slug":"vatrogasna-vjezba","status":"publish","type":"post","link":"https:\/\/dom-orehovica.hr\/?p=1212","title":{"rendered":"Vatrogasna vje\u017eba"},"content":{"rendered":"<p><strong><em>Vatrogasna vje\u017eba 27.11.2017. g.:<\/em><\/strong><\/p>\n<ul>\n<li style=\"text-align: justify;\">Pretpostavka doga\u0111aja da je do\u0161lo do po\u017eara u prostorijama kuhinje i restorana Doma za odrasle osobe Orehovica, dana 27.11.2017. godine,<\/li>\n<li style=\"text-align: justify;\">U 11,15 sati netko od djelatnika Doma dojavljuje po\u017eara u Operativni vatrogasni centar JVP \u010cakovec na broj telefona 193,<\/li>\n<li style=\"text-align: justify;\">Po za primljenoj dojavi Operativni de\u017eurni JVP \u010cakovec, obavje\u0161tava DVD \u2013 Orehovica o nastalome doga\u0111aju a istovremenu uzbunjuje i de\u017eurnu Smjenu JVP \u010cakovec,<\/li>\n<\/ul>\n<ul style=\"text-align: justify;\">\n<li>Nakon zaprimljene dojave na mjesto doga\u0111aja upu\u0107uje se navalno vozilo DVD \u2013 Orehovica sa ( tri ) vatrogasca, koji dolaze na navedenu lokaciju upoznaju se s nastalim doga\u0111ajem da je do\u0161lo do po\u017eara u kuhinji i restoranu, a istovremeno Zapovjednik DVD-Orehovica &nbsp;tra\u017ei od &nbsp;domara &nbsp;Doma dali je isklju\u010dena struja i plin te zapo\u010dinju ga\u0161enje po\u017eara vanjskom navalo kao i spre\u010davanje daljnjeg &nbsp;\u0161irenje po\u017eara na gornje eta\u017ee. Do dolaska DVD \u2013a Orehovica ga\u0161enje pomo\u0107u aparata za po\u010detno ga\u0161enje po\u017eara poku\u0161avaju ugasiti sami zaposlenici, koji prilikom dolaska DVD \u2013 Orehovica prestaju s ga\u0161enje te upoznaju vatrogasce s nastalim doga\u0111ajem.<\/li>\n<\/ul>\n<ul>\n<li style=\"text-align: justify;\">Dolaskom JVP \u010cakovec, ( tri ) vatrogasca, Voditelj smjene vr\u0161i izvi\u0111anje, procjenu te donosi odluku da se dvojica vatrogasaca opreme Izolacionim aparatima, te pomo\u0107u vitla za brzu navalu izvr\u0161e unutarnju navalu ga\u0161enje po\u017eara a isto tako i lociraju osobu koja je ostala u kuhinji jer istu nije bilo mogu\u0107e evakuirati zbog velike koli\u010dine dima koja se onesvijestila i ostala negdje u kuhinji. Vatrogasci JVP prilikom ulaska u objekt &nbsp;prvo pomo\u0107u termovizijske kamere poku\u0161avaju locirati osobu koja je u besvjesnome stanju zbog velike koli\u010dine dima a isto tako i gase po\u017ear. &nbsp;Nakon lociranja ozlije\u0111ene osobe jedan vatrogasaca izlazi po nosila te nakon ulaska s nosilima ozlije\u0111enu osobu stavljaju na nosila te ju iznose van objekta kao i &nbsp;predaju zaposlenicima HMP \u2013 Doma Orehovica na daljnje postupanje, koje dalje procjenjuju dali se osoba \u0161alje na daljnje postupanje u \u017dupanijsku bolnicu \u010cakovec.<\/li>\n<li style=\"text-align: justify;\">Nakon predaje vatrogasci se vra\u0107aju u objekt radi daljnjeg ga\u0161enja po\u017eara do njegovog zavr\u0161etka te samog uvjeravanja da nema daljnje mogu\u0107nosti za ponovnim aktiviranje po\u017eara.<\/li>\n<li style=\"text-align: justify;\">Nakon \u0161to je po\u017ear uga\u0161en postavlja se nad-tla\u010dni ventilator radi brzog odimljavanja prostora.<\/li>\n<li style=\"text-align: justify;\">Nakon ovih radnji vatrogasci pospremaju svoju opremu te se vra\u0107aju u postrojbu<\/li>\n<\/ul>\n<!-- default-view.php -->\n<div\n\tclass=\"ngg-galleryoverview default-view \n\t ngg-ajax-pagination-none\t\"\n\tid=\"ngg-gallery-b9f7f6ce3c8bbd6c6936a234a042514c-1\">\n\n\t\t<!-- Thumbnails -->\n\t\t\t\t<div id=\"ngg-image-0\" class=\"ngg-gallery-thumbnail-box \n\t\t\t\t\t\t\t\t\t\t\t\" \n\t\t\t>\n\t\t\t\t\t\t<div class=\"ngg-gallery-thumbnail\">\n\t\t\t<a href=\"https:\/\/dom-orehovica.hr\/wp-content\/gallery\/vatrogasna-vjezba\/DSC05956.jpg\"\n\t\t\t\ttitle=\"\"\n\t\t\t\tdata-src=\"https:\/\/dom-orehovica.hr\/wp-content\/gallery\/vatrogasna-vjezba\/DSC05956.jpg\"\n\t\t\t\tdata-thumbnail=\"https:\/\/dom-orehovica.hr\/wp-content\/gallery\/vatrogasna-vjezba\/thumbs\/thumbs_DSC05956.jpg\"\n\t\t\t\tdata-image-id=\"176\"\n\t\t\t\tdata-title=\"DSC05956\"\n\t\t\t\tdata-description=\"\"\n\t\t\t\tdata-image-slug=\"dsc05956\"\n\t\t\t\tclass=\"ngg-fancybox\" rel=\"b9f7f6ce3c8bbd6c6936a234a042514c\">\n\t\t\t\t<img\n\t\t\t\t\ttitle=\"DSC05956\"\n\t\t\t\t\talt=\"DSC05956\"\n\t\t\t\t\tsrc=\"https:\/\/dom-orehovica.hr\/wp-content\/gallery\/vatrogasna-vjezba\/thumbs\/thumbs_DSC05956.jpg\"\n\t\t\t\t\twidth=\"240\"\n\t\t\t\t\theight=\"160\"\n\t\t\t\t\tstyle=\"max-width:100%;\"\n\t\t\t\t\/>\n\t\t\t<\/a>\n\t\t<\/div>\n\t\t\t\t\t\t\t<\/div> \n\t\t\t\n\t\t\t\t<div id=\"ngg-image-1\" class=\"ngg-gallery-thumbnail-box \n\t\t\t\t\t\t\t\t\t\t\t\" \n\t\t\t>\n\t\t\t\t\t\t<div class=\"ngg-gallery-thumbnail\">\n\t\t\t<a href=\"https:\/\/dom-orehovica.hr\/wp-content\/gallery\/vatrogasna-vjezba\/DSC05978.jpg\"\n\t\t\t\ttitle=\"\"\n\t\t\t\tdata-src=\"https:\/\/dom-orehovica.hr\/wp-content\/gallery\/vatrogasna-vjezba\/DSC05978.jpg\"\n\t\t\t\tdata-thumbnail=\"https:\/\/dom-orehovica.hr\/wp-content\/gallery\/vatrogasna-vjezba\/thumbs\/thumbs_DSC05978.jpg\"\n\t\t\t\tdata-image-id=\"177\"\n\t\t\t\tdata-title=\"DSC05978\"\n\t\t\t\tdata-description=\"\"\n\t\t\t\tdata-image-slug=\"dsc05978\"\n\t\t\t\tclass=\"ngg-fancybox\" rel=\"b9f7f6ce3c8bbd6c6936a234a042514c\">\n\t\t\t\t<img\n\t\t\t\t\ttitle=\"DSC05978\"\n\t\t\t\t\talt=\"DSC05978\"\n\t\t\t\t\tsrc=\"https:\/\/dom-orehovica.hr\/wp-content\/gallery\/vatrogasna-vjezba\/thumbs\/thumbs_DSC05978.jpg\"\n\t\t\t\t\twidth=\"240\"\n\t\t\t\t\theight=\"160\"\n\t\t\t\t\tstyle=\"max-width:100%;\"\n\t\t\t\t\/>\n\t\t\t<\/a>\n\t\t<\/div>\n\t\t\t\t\t\t\t<\/div> \n\t\t\t\n\t\t\t\t<div id=\"ngg-image-2\" class=\"ngg-gallery-thumbnail-box \n\t\t\t\t\t\t\t\t\t\t\t\" \n\t\t\t>\n\t\t\t\t\t\t<div class=\"ngg-gallery-thumbnail\">\n\t\t\t<a href=\"https:\/\/dom-orehovica.hr\/wp-content\/gallery\/vatrogasna-vjezba\/DSC05980.jpg\"\n\t\t\t\ttitle=\"\"\n\t\t\t\tdata-src=\"https:\/\/dom-orehovica.hr\/wp-content\/gallery\/vatrogasna-vjezba\/DSC05980.jpg\"\n\t\t\t\tdata-thumbnail=\"https:\/\/dom-orehovica.hr\/wp-content\/gallery\/vatrogasna-vjezba\/thumbs\/thumbs_DSC05980.jpg\"\n\t\t\t\tdata-image-id=\"178\"\n\t\t\t\tdata-title=\"DSC05980\"\n\t\t\t\tdata-description=\"\"\n\t\t\t\tdata-image-slug=\"dsc05980\"\n\t\t\t\tclass=\"ngg-fancybox\" rel=\"b9f7f6ce3c8bbd6c6936a234a042514c\">\n\t\t\t\t<img\n\t\t\t\t\ttitle=\"DSC05980\"\n\t\t\t\t\talt=\"DSC05980\"\n\t\t\t\t\tsrc=\"https:\/\/dom-orehovica.hr\/wp-content\/gallery\/vatrogasna-vjezba\/thumbs\/thumbs_DSC05980.jpg\"\n\t\t\t\t\twidth=\"240\"\n\t\t\t\t\theight=\"160\"\n\t\t\t\t\tstyle=\"max-width:100%;\"\n\t\t\t\t\/>\n\t\t\t<\/a>\n\t\t<\/div>\n\t\t\t\t\t\t\t<\/div> \n\t\t\t\n\t\t\t\t<div id=\"ngg-image-3\" class=\"ngg-gallery-thumbnail-box \n\t\t\t\t\t\t\t\t\t\t\t\" \n\t\t\t>\n\t\t\t\t\t\t<div class=\"ngg-gallery-thumbnail\">\n\t\t\t<a href=\"https:\/\/dom-orehovica.hr\/wp-content\/gallery\/vatrogasna-vjezba\/DSC05981.jpg\"\n\t\t\t\ttitle=\"\"\n\t\t\t\tdata-src=\"https:\/\/dom-orehovica.hr\/wp-content\/gallery\/vatrogasna-vjezba\/DSC05981.jpg\"\n\t\t\t\tdata-thumbnail=\"https:\/\/dom-orehovica.hr\/wp-content\/gallery\/vatrogasna-vjezba\/thumbs\/thumbs_DSC05981.jpg\"\n\t\t\t\tdata-image-id=\"179\"\n\t\t\t\tdata-title=\"DSC05981\"\n\t\t\t\tdata-description=\"\"\n\t\t\t\tdata-image-slug=\"dsc05981\"\n\t\t\t\tclass=\"ngg-fancybox\" rel=\"b9f7f6ce3c8bbd6c6936a234a042514c\">\n\t\t\t\t<img\n\t\t\t\t\ttitle=\"DSC05981\"\n\t\t\t\t\talt=\"DSC05981\"\n\t\t\t\t\tsrc=\"https:\/\/dom-orehovica.hr\/wp-content\/gallery\/vatrogasna-vjezba\/thumbs\/thumbs_DSC05981.jpg\"\n\t\t\t\t\twidth=\"240\"\n\t\t\t\t\theight=\"160\"\n\t\t\t\t\tstyle=\"max-width:100%;\"\n\t\t\t\t\/>\n\t\t\t<\/a>\n\t\t<\/div>\n\t\t\t\t\t\t\t<\/div> \n\t\t\t\n\t\t\t\t<div id=\"ngg-image-4\" class=\"ngg-gallery-thumbnail-box \n\t\t\t\t\t\t\t\t\t\t\t\" \n\t\t\t>\n\t\t\t\t\t\t<div class=\"ngg-gallery-thumbnail\">\n\t\t\t<a href=\"https:\/\/dom-orehovica.hr\/wp-content\/gallery\/vatrogasna-vjezba\/DSC05982.jpg\"\n\t\t\t\ttitle=\"\"\n\t\t\t\tdata-src=\"https:\/\/dom-orehovica.hr\/wp-content\/gallery\/vatrogasna-vjezba\/DSC05982.jpg\"\n\t\t\t\tdata-thumbnail=\"https:\/\/dom-orehovica.hr\/wp-content\/gallery\/vatrogasna-vjezba\/thumbs\/thumbs_DSC05982.jpg\"\n\t\t\t\tdata-image-id=\"180\"\n\t\t\t\tdata-title=\"DSC05982\"\n\t\t\t\tdata-description=\"\"\n\t\t\t\tdata-image-slug=\"dsc05982\"\n\t\t\t\tclass=\"ngg-fancybox\" rel=\"b9f7f6ce3c8bbd6c6936a234a042514c\">\n\t\t\t\t<img\n\t\t\t\t\ttitle=\"DSC05982\"\n\t\t\t\t\talt=\"DSC05982\"\n\t\t\t\t\tsrc=\"https:\/\/dom-orehovica.hr\/wp-content\/gallery\/vatrogasna-vjezba\/thumbs\/thumbs_DSC05982.jpg\"\n\t\t\t\t\twidth=\"240\"\n\t\t\t\t\theight=\"160\"\n\t\t\t\t\tstyle=\"max-width:100%;\"\n\t\t\t\t\/>\n\t\t\t<\/a>\n\t\t<\/div>\n\t\t\t\t\t\t\t<\/div> \n\t\t\t\n\t\n\t<br style=\"clear: both\" \/>\n\n\t\n\t\t<!-- Pagination -->\n\t\t<div class='ngg-clear'><\/div>\t<\/div>\n\n","protected":false},"excerpt":{"rendered":"<p>Vatrogasna vje\u017eba 27.11.2017. g.: Pretpostavka doga\u0111aja da je do\u0161lo do po\u017eara u prostorijama kuhinje i restorana Doma za odrasle osobe Orehovica, dana 27.11.2017. godine, U 11,15 sati netko od djelatnika Doma dojavljuje po\u017eara u Operativni vatrogasni centar JVP \u010cakovec na broj telefona 193, Po za primljenoj dojavi Operativni de\u017eurni JVP \u010cakovec, obavje\u0161tava DVD \u2013 Orehovica&hellip;<\/p>\n","protected":false},"author":2,"featured_media":1809,"comment_status":"closed","ping_status":"open","sticky":false,"template":"","format":"standard","meta":{"ngg_post_thumbnail":0,"footnotes":""},"categories":[10],"tags":[],"_links":{"self":[{"href":"https:\/\/dom-orehovica.hr\/index.php?rest_route=\/wp\/v2\/posts\/1212"}],"collection":[{"href":"https:\/\/dom-orehovica.hr\/index.php?rest_route=\/wp\/v2\/posts"}],"about":[{"href":"https:\/\/dom-orehovica.hr\/index.php?rest_route=\/wp\/v2\/types\/post"}],"author":[{"embeddable":true,"href":"https:\/\/dom-orehovica.hr\/index.php?rest_route=\/wp\/v2\/users\/2"}],"replies":[{"embeddable":true,"href":"https:\/\/dom-orehovica.hr\/index.php?rest_route=%2Fwp%2Fv2%2Fcomments&post=1212"}],"version-history":[{"count":1,"href":"https:\/\/dom-orehovica.hr\/index.php?rest_route=\/wp\/v2\/posts\/1212\/revisions"}],"predecessor-version":[{"id":1728,"href":"https:\/\/dom-orehovica.hr\/index.php?rest_route=\/wp\/v2\/posts\/1212\/revisions\/1728"}],"wp:featuredmedia":[{"embeddable":true,"href":"https:\/\/dom-orehovica.hr\/index.php?rest_route=\/wp\/v2\/media\/1809"}],"wp:attachment":[{"href":"https:\/\/dom-orehovica.hr\/index.php?rest_route=%2Fwp%2Fv2%2Fmedia&parent=1212"}],"wp:term":[{"taxonomy":"category","embeddable":true,"href":"https:\/\/dom-orehovica.hr\/index.php?rest_route=%2Fwp%2Fv2%2Fcategories&post=1212"},{"taxonomy":"post_tag","embeddable":true,"href":"https:\/\/dom-orehovica.hr\/index.php?rest_route=%2Fwp%2Fv2%2Ftags&post=1212"}],"curies":[{"name":"wp","href":"https:\/\/api.w.org\/{rel}","templated":true}]}}