{"id":1210,"date":"2017-10-16T09:28:54","date_gmt":"2017-10-16T08:28:54","guid":{"rendered":"http:\/\/dom-orehovica.hr\/web\/?p=1210"},"modified":"2018-03-29T10:21:31","modified_gmt":"2018-03-29T08:21:31","slug":"dani-kruha-i-dan-mentalnog-zdravlja","status":"publish","type":"post","link":"https:\/\/dom-orehovica.hr\/?p=1210","title":{"rendered":"Dani kruha i Dan mentalnog zdravlja"},"content":{"rendered":"<p><em><strong>Dani kruha i Dan mentalnog zdravlja &#8211; 16.10.2017. godine<\/strong><\/em><\/p>\n<p style=\"text-align: justify;\">Razli\u010ditim sve\u010danostima i manifestacijama uz blagoslov, molitvu i simboli\u010dno blagovanje kruha zahvaljujemo na svim plodovima, radostima, uspjesima i darovima kojima smo tijekom godine bili podareni. U na\u0161oj ustanovi, obilje\u017eavanje Dana kruha i Dana zahvalnosti za plodove zemlje, vezali smo i uz Dan mentalnog zdravlja, te smo uz sportska dru\u017eenja korisnika, djelatnika i gostiju ustanove tradicionalno obilje\u017eili te va\u017ene dane, te uz ro\u0161tilj i veselje proveli svi zajedno jo\u0161 jedan od na\u0161ih dana.<\/p>\n<!-- default-view.php -->\n<div\n\tclass=\"ngg-galleryoverview default-view \n\t ngg-ajax-pagination-none\t\"\n\tid=\"ngg-gallery-185d1b9c2b82d89df9ac8064ae5d5031-1\">\n\n\t\t<!-- Thumbnails -->\n\t\t\t\t<div id=\"ngg-image-0\" class=\"ngg-gallery-thumbnail-box \n\t\t\t\t\t\t\t\t\t\t\t\" \n\t\t\t>\n\t\t\t\t\t\t<div class=\"ngg-gallery-thumbnail\">\n\t\t\t<a href=\"https:\/\/dom-orehovica.hr\/wp-content\/gallery\/dani-kruha\/DSC05876.jpg\"\n\t\t\t\ttitle=\"\"\n\t\t\t\tdata-src=\"https:\/\/dom-orehovica.hr\/wp-content\/gallery\/dani-kruha\/DSC05876.jpg\"\n\t\t\t\tdata-thumbnail=\"https:\/\/dom-orehovica.hr\/wp-content\/gallery\/dani-kruha\/thumbs\/thumbs_DSC05876.jpg\"\n\t\t\t\tdata-image-id=\"171\"\n\t\t\t\tdata-title=\"DSC05876\"\n\t\t\t\tdata-description=\"\"\n\t\t\t\tdata-image-slug=\"dsc05876\"\n\t\t\t\tclass=\"ngg-fancybox\" rel=\"185d1b9c2b82d89df9ac8064ae5d5031\">\n\t\t\t\t<img\n\t\t\t\t\ttitle=\"DSC05876\"\n\t\t\t\t\talt=\"DSC05876\"\n\t\t\t\t\tsrc=\"https:\/\/dom-orehovica.hr\/wp-content\/gallery\/dani-kruha\/thumbs\/thumbs_DSC05876.jpg\"\n\t\t\t\t\twidth=\"240\"\n\t\t\t\t\theight=\"160\"\n\t\t\t\t\tstyle=\"max-width:100%;\"\n\t\t\t\t\/>\n\t\t\t<\/a>\n\t\t<\/div>\n\t\t\t\t\t\t\t<\/div> \n\t\t\t\n\t\t\t\t<div id=\"ngg-image-1\" class=\"ngg-gallery-thumbnail-box \n\t\t\t\t\t\t\t\t\t\t\t\" \n\t\t\t>\n\t\t\t\t\t\t<div class=\"ngg-gallery-thumbnail\">\n\t\t\t<a href=\"https:\/\/dom-orehovica.hr\/wp-content\/gallery\/dani-kruha\/DSC05880.jpg\"\n\t\t\t\ttitle=\"\"\n\t\t\t\tdata-src=\"https:\/\/dom-orehovica.hr\/wp-content\/gallery\/dani-kruha\/DSC05880.jpg\"\n\t\t\t\tdata-thumbnail=\"https:\/\/dom-orehovica.hr\/wp-content\/gallery\/dani-kruha\/thumbs\/thumbs_DSC05880.jpg\"\n\t\t\t\tdata-image-id=\"172\"\n\t\t\t\tdata-title=\"DSC05880\"\n\t\t\t\tdata-description=\"\"\n\t\t\t\tdata-image-slug=\"dsc05880\"\n\t\t\t\tclass=\"ngg-fancybox\" rel=\"185d1b9c2b82d89df9ac8064ae5d5031\">\n\t\t\t\t<img\n\t\t\t\t\ttitle=\"DSC05880\"\n\t\t\t\t\talt=\"DSC05880\"\n\t\t\t\t\tsrc=\"https:\/\/dom-orehovica.hr\/wp-content\/gallery\/dani-kruha\/thumbs\/thumbs_DSC05880.jpg\"\n\t\t\t\t\twidth=\"240\"\n\t\t\t\t\theight=\"160\"\n\t\t\t\t\tstyle=\"max-width:100%;\"\n\t\t\t\t\/>\n\t\t\t<\/a>\n\t\t<\/div>\n\t\t\t\t\t\t\t<\/div> \n\t\t\t\n\t\t\t\t<div id=\"ngg-image-2\" class=\"ngg-gallery-thumbnail-box \n\t\t\t\t\t\t\t\t\t\t\t\" \n\t\t\t>\n\t\t\t\t\t\t<div class=\"ngg-gallery-thumbnail\">\n\t\t\t<a href=\"https:\/\/dom-orehovica.hr\/wp-content\/gallery\/dani-kruha\/DSC05897.jpg\"\n\t\t\t\ttitle=\"\"\n\t\t\t\tdata-src=\"https:\/\/dom-orehovica.hr\/wp-content\/gallery\/dani-kruha\/DSC05897.jpg\"\n\t\t\t\tdata-thumbnail=\"https:\/\/dom-orehovica.hr\/wp-content\/gallery\/dani-kruha\/thumbs\/thumbs_DSC05897.jpg\"\n\t\t\t\tdata-image-id=\"173\"\n\t\t\t\tdata-title=\"DSC05897\"\n\t\t\t\tdata-description=\"\"\n\t\t\t\tdata-image-slug=\"dsc05897\"\n\t\t\t\tclass=\"ngg-fancybox\" rel=\"185d1b9c2b82d89df9ac8064ae5d5031\">\n\t\t\t\t<img\n\t\t\t\t\ttitle=\"DSC05897\"\n\t\t\t\t\talt=\"DSC05897\"\n\t\t\t\t\tsrc=\"https:\/\/dom-orehovica.hr\/wp-content\/gallery\/dani-kruha\/thumbs\/thumbs_DSC05897.jpg\"\n\t\t\t\t\twidth=\"240\"\n\t\t\t\t\theight=\"160\"\n\t\t\t\t\tstyle=\"max-width:100%;\"\n\t\t\t\t\/>\n\t\t\t<\/a>\n\t\t<\/div>\n\t\t\t\t\t\t\t<\/div> \n\t\t\t\n\t\t\t\t<div id=\"ngg-image-3\" class=\"ngg-gallery-thumbnail-box \n\t\t\t\t\t\t\t\t\t\t\t\" \n\t\t\t>\n\t\t\t\t\t\t<div class=\"ngg-gallery-thumbnail\">\n\t\t\t<a href=\"https:\/\/dom-orehovica.hr\/wp-content\/gallery\/dani-kruha\/DSC05898.jpg\"\n\t\t\t\ttitle=\"\"\n\t\t\t\tdata-src=\"https:\/\/dom-orehovica.hr\/wp-content\/gallery\/dani-kruha\/DSC05898.jpg\"\n\t\t\t\tdata-thumbnail=\"https:\/\/dom-orehovica.hr\/wp-content\/gallery\/dani-kruha\/thumbs\/thumbs_DSC05898.jpg\"\n\t\t\t\tdata-image-id=\"174\"\n\t\t\t\tdata-title=\"DSC05898\"\n\t\t\t\tdata-description=\"\"\n\t\t\t\tdata-image-slug=\"dsc05898\"\n\t\t\t\tclass=\"ngg-fancybox\" rel=\"185d1b9c2b82d89df9ac8064ae5d5031\">\n\t\t\t\t<img\n\t\t\t\t\ttitle=\"DSC05898\"\n\t\t\t\t\talt=\"DSC05898\"\n\t\t\t\t\tsrc=\"https:\/\/dom-orehovica.hr\/wp-content\/gallery\/dani-kruha\/thumbs\/thumbs_DSC05898.jpg\"\n\t\t\t\t\twidth=\"240\"\n\t\t\t\t\theight=\"160\"\n\t\t\t\t\tstyle=\"max-width:100%;\"\n\t\t\t\t\/>\n\t\t\t<\/a>\n\t\t<\/div>\n\t\t\t\t\t\t\t<\/div> \n\t\t\t\n\t\t\t\t<div id=\"ngg-image-4\" class=\"ngg-gallery-thumbnail-box \n\t\t\t\t\t\t\t\t\t\t\t\" \n\t\t\t>\n\t\t\t\t\t\t<div class=\"ngg-gallery-thumbnail\">\n\t\t\t<a href=\"https:\/\/dom-orehovica.hr\/wp-content\/gallery\/dani-kruha\/DSC05899.jpg\"\n\t\t\t\ttitle=\"\"\n\t\t\t\tdata-src=\"https:\/\/dom-orehovica.hr\/wp-content\/gallery\/dani-kruha\/DSC05899.jpg\"\n\t\t\t\tdata-thumbnail=\"https:\/\/dom-orehovica.hr\/wp-content\/gallery\/dani-kruha\/thumbs\/thumbs_DSC05899.jpg\"\n\t\t\t\tdata-image-id=\"175\"\n\t\t\t\tdata-title=\"DSC05899\"\n\t\t\t\tdata-description=\"\"\n\t\t\t\tdata-image-slug=\"dsc05899\"\n\t\t\t\tclass=\"ngg-fancybox\" rel=\"185d1b9c2b82d89df9ac8064ae5d5031\">\n\t\t\t\t<img\n\t\t\t\t\ttitle=\"DSC05899\"\n\t\t\t\t\talt=\"DSC05899\"\n\t\t\t\t\tsrc=\"https:\/\/dom-orehovica.hr\/wp-content\/gallery\/dani-kruha\/thumbs\/thumbs_DSC05899.jpg\"\n\t\t\t\t\twidth=\"240\"\n\t\t\t\t\theight=\"160\"\n\t\t\t\t\tstyle=\"max-width:100%;\"\n\t\t\t\t\/>\n\t\t\t<\/a>\n\t\t<\/div>\n\t\t\t\t\t\t\t<\/div> \n\t\t\t\n\t\n\t<br style=\"clear: both\" \/>\n\n\t\n\t\t<!-- Pagination -->\n\t\t<div class='ngg-clear'><\/div>\t<\/div>\n\n","protected":false},"excerpt":{"rendered":"<p>Dani kruha i Dan mentalnog zdravlja &#8211; 16.10.2017. godine Razli\u010ditim sve\u010danostima i manifestacijama uz blagoslov, molitvu i simboli\u010dno blagovanje kruha zahvaljujemo na svim plodovima, radostima, uspjesima i darovima kojima smo tijekom godine bili podareni. U na\u0161oj ustanovi, obilje\u017eavanje Dana kruha i Dana zahvalnosti za plodove zemlje, vezali smo i uz Dan mentalnog zdravlja, te smo&hellip;<\/p>\n","protected":false},"author":2,"featured_media":1808,"comment_status":"closed","ping_status":"open","sticky":false,"template":"","format":"standard","meta":{"ngg_post_thumbnail":0,"footnotes":""},"categories":[10],"tags":[],"_links":{"self":[{"href":"https:\/\/dom-orehovica.hr\/index.php?rest_route=\/wp\/v2\/posts\/1210"}],"collection":[{"href":"https:\/\/dom-orehovica.hr\/index.php?rest_route=\/wp\/v2\/posts"}],"about":[{"href":"https:\/\/dom-orehovica.hr\/index.php?rest_route=\/wp\/v2\/types\/post"}],"author":[{"embeddable":true,"href":"https:\/\/dom-orehovica.hr\/index.php?rest_route=\/wp\/v2\/users\/2"}],"replies":[{"embeddable":true,"href":"https:\/\/dom-orehovica.hr\/index.php?rest_route=%2Fwp%2Fv2%2Fcomments&post=1210"}],"version-history":[{"count":1,"href":"https:\/\/dom-orehovica.hr\/index.php?rest_route=\/wp\/v2\/posts\/1210\/revisions"}],"predecessor-version":[{"id":1729,"href":"https:\/\/dom-orehovica.hr\/index.php?rest_route=\/wp\/v2\/posts\/1210\/revisions\/1729"}],"wp:featuredmedia":[{"embeddable":true,"href":"https:\/\/dom-orehovica.hr\/index.php?rest_route=\/wp\/v2\/media\/1808"}],"wp:attachment":[{"href":"https:\/\/dom-orehovica.hr\/index.php?rest_route=%2Fwp%2Fv2%2Fmedia&parent=1210"}],"wp:term":[{"taxonomy":"category","embeddable":true,"href":"https:\/\/dom-orehovica.hr\/index.php?rest_route=%2Fwp%2Fv2%2Fcategories&post=1210"},{"taxonomy":"post_tag","embeddable":true,"href":"https:\/\/dom-orehovica.hr\/index.php?rest_route=%2Fwp%2Fv2%2Ftags&post=1210"}],"curies":[{"name":"wp","href":"https:\/\/api.w.org\/{rel}","templated":true}]}}